{"id":248005,"date":"2022-01-04T18:18:52","date_gmt":"2022-01-04T16:18:52","guid":{"rendered":"http:\/\/107.6.182.27\/tr\/?p=248005"},"modified":"2022-01-06T08:36:36","modified_gmt":"2022-01-06T06:36:36","slug":"bakanlar-kurulu-2022-icin-calisma-onceliklerini-belirledi","status":"publish","type":"post","link":"https:\/\/archive.sana.sy\/tr\/?p=248005","title":{"rendered":"Bakanlar Kurulu, 2022 \u0130\u00e7in \u00c7al\u0131\u015fma \u00d6nceliklerini Belirledi"},"content":{"rendered":"<p style=\"text-align: justify;\">\u015eAM \u2013 Bakanlar Kurulu, enerji sekt\u00f6r\u00fcn\u00fcn ger\u00e7ekli\u011fini iyile\u015ftirmeye, yeni elektrik \u00fcretim projelerini hizmete sunmaya, petrol t\u00fcrevlerini g\u00fcvence alt\u0131na almaya devam etmeye ve yeni kuyular a\u00e7mak i\u00e7in sondaj ve arama \u00e7al\u0131\u015fmalar\u0131n\u0131 yo\u011funla\u015ft\u0131rmaya odaklanarak 2022 i\u00e7in bakanl\u0131klar\u0131n \u00e7al\u0131\u015fma \u00f6nceliklerini belirledi.<\/p>\n<p style=\"text-align: justify;\">Kabinenin H\u00fcseyin Arnous ba\u015fkanl\u0131\u011f\u0131ndaki bug\u00fcnk\u00fc haftal\u0131k toplant\u0131s\u0131nda belirledi\u011fi \u00f6ncelikler aras\u0131nda yat\u0131r\u0131m haritas\u0131n\u0131n tamamlanmas\u0131, yat\u0131r\u0131m \u00e7al\u0131\u015fmalar\u0131n\u0131n g\u00fc\u00e7lendirilmesi, ulusal sermayenin \u00fcretime yat\u0131r\u0131lmas\u0131 ve Y\u0131k\u0131lan firmalar\u0131 rehabilite etmek ve fabrikalar\u0131n \u00fcretim kapasitesini art\u0131rmak i\u00e7in \u00f6zel sekt\u00f6rle ortakl\u0131\u011f\u0131n g\u00fc\u00e7lendirilmesi de yer ald\u0131.<\/p>\n<p style=\"text-align: justify;\">konseyin belirledi\u011fi \u00f6ncelikler aras\u0131nda ayr\u0131ca, \u00a0ulusal konut ve konut haritas\u0131n\u0131n tamamlanmas\u0131, tar\u0131msal ve end\u00fcstriyel \u00fcretimin art\u0131r\u0131lmas\u0131, devlet hizmetlerinde dijital d\u00f6n\u00fc\u015f\u00fcm projesinin devam ettirilmesi ve h\u00fccresel hizmetler i\u00e7in \u00fc\u00e7\u00fcnc\u00fc operat\u00f6r\u00fcn devreye al\u0131nmas\u0131 da yer ald\u0131.<\/p>\n<p style=\"text-align: justify;\">Uygulanacak ana adresler aras\u0131nda ise tar\u0131msal ve end\u00fcstriyel \u00fcretimi etkinle\u015ftirmek, de\u011firmenlerin \u00fcretim kapasitesini art\u0131rmak, daha fazla siloyu rehabilite etmek, Suriye&#8217;nin ticaretteki m\u00fcdahaleci rol\u00fcn\u00fc geli\u015ftirmek ve piyasa kontrol\u00fcn\u00fc s\u0131k\u0131la\u015ft\u0131rmak i\u00e7in gerekli her \u015feyin sa\u011flanmas\u0131 yer ald\u0131.<\/p>\n<p style=\"text-align: justify;\">Oturum s\u0131ras\u0131nda bulundu\u011fu konu\u015fmada Ba\u015fbakan Arnus, hizmet ve \u00fcretim ger\u00e7ekli\u011fine olumlu yans\u0131yacak ve vatanda\u015flara hizmet edecek ve ya\u015fam ko\u015fullar\u0131n\u0131 iyile\u015ftirecek nicel izleme g\u00f6stergelerine g\u00f6re belirli hedefler ve bunlara ula\u015fmak i\u00e7in y\u00fcr\u00fctme program\u0131 belirlemenin \u00f6nemini vurgulad\u0131.<\/p>\n<p style=\"text-align: justify;\">Bakanlar Kurulu oturumunda ayr\u0131ca, uzman kadrolar\u0131 ve bankac\u0131l\u0131k yetkinli\u011fini korumak amac\u0131yla kamu bankalar\u0131nda \u00e7al\u0131\u015fanlara y\u00f6nelik verimlilik te\u015fviklerinin y\u00fczde tavan\u0131n\u0131 y\u00fczde 2,5&#8217;ten y\u00fczde 10&#8217;a \u00e7\u0131karabilecek bir yasa tasar\u0131s\u0131 tasla\u011f\u0131 \u00fczerinde \u00e7al\u0131\u015ft\u0131.<\/p>\n<p style=\"text-align: justify;\">Kabine, s\u00fcbvansiyonlu \u015fekeri g\u00fcvence alt\u0131na almak i\u00e7in Suriye Ticaretine 4,3 milyar sterlinlik bir mali avans verilmesini ve valiliklerde a\u00e7\u0131lan ve yat\u0131r\u0131m yap\u0131lan kuyu say\u0131s\u0131n\u0131 belirlemek \u00fczere olu\u015fturulan komitenin \u00e7al\u0131\u015fmalar\u0131n\u0131n sonu\u00e7lar\u0131na ili\u015fkin Su Kaynaklar\u0131 Bakanl\u0131\u011f\u0131 taraf\u0131ndan bir muht\u0131ra verilmesini kabul etti.<\/p>\n<p style=\"text-align: justify;\">P.M.<\/p>\n","protected":false},"excerpt":{"rendered":"<p>\u015eAM \u2013 Bakanlar Kurulu, enerji sekt\u00f6r\u00fcn\u00fcn ger\u00e7ekli\u011fini iyile\u015ftirmeye, yeni elektrik \u00fcretim projelerini hizmete sunmaya, petrol t\u00fcrevlerini g\u00fcvence alt\u0131na almaya devam etmeye ve yeni kuyular a\u00e7mak i\u00e7in sondaj ve arama \u00e7al\u0131\u015fmalar\u0131n\u0131 yo\u011funla\u015ft\u0131rmaya odaklanarak 2022 i\u00e7in bakanl\u0131klar\u0131n \u00e7al\u0131\u015fma \u00f6nceliklerini belirledi. Kabinenin H\u00fcseyin Arnous ba\u015fkanl\u0131\u011f\u0131ndaki bug\u00fcnk\u00fc haftal\u0131k toplant\u0131s\u0131nda belirledi\u011fi \u00f6ncelikler aras\u0131nda yat\u0131r\u0131m haritas\u0131n\u0131n tamamlanmas\u0131, yat\u0131r\u0131m \u00e7al\u0131\u015fmalar\u0131n\u0131n g\u00fc\u00e7lendirilmesi, ulusal &hellip;<\/p>\n","protected":false},"author":1,"featured_media":248006,"comment_status":"closed","ping_status":"closed","sticky":false,"template":"","format":"standard","meta":{"footnotes":""},"categories":[479,17988,478],"tags":[],"class_list":["post-248005","post","type-post","status-publish","format-standard","has-post-thumbnail","","category-haberler-yerel","category-son-haberler","category-yerel"],"_links":{"self":[{"href":"https:\/\/archive.sana.sy\/tr\/index.php?rest_route=\/wp\/v2\/posts\/248005","targetHints":{"allow":["GET"]}}],"collection":[{"href":"https:\/\/archive.sana.sy\/tr\/index.php?rest_route=\/wp\/v2\/posts"}],"about":[{"href":"https:\/\/archive.sana.sy\/tr\/index.php?rest_route=\/wp\/v2\/types\/post"}],"author":[{"embeddable":true,"href":"https:\/\/archive.sana.sy\/tr\/index.php?rest_route=\/wp\/v2\/users\/1"}],"replies":[{"embeddable":true,"href":"https:\/\/archive.sana.sy\/tr\/index.php?rest_route=%2Fwp%2Fv2%2Fcomments&post=248005"}],"version-history":[{"count":0,"href":"https:\/\/archive.sana.sy\/tr\/index.php?rest_route=\/wp\/v2\/posts\/248005\/revisions"}],"wp:featuredmedia":[{"embeddable":true,"href":"https:\/\/archive.sana.sy\/tr\/index.php?rest_route=\/wp\/v2\/media\/248006"}],"wp:attachment":[{"href":"https:\/\/archive.sana.sy\/tr\/index.php?rest_route=%2Fwp%2Fv2%2Fmedia&parent=248005"}],"wp:term":[{"taxonomy":"category","embeddable":true,"href":"https:\/\/archive.sana.sy\/tr\/index.php?rest_route=%2Fwp%2Fv2%2Fcategories&post=248005"},{"taxonomy":"post_tag","embeddable":true,"href":"https:\/\/archive.sana.sy\/tr\/index.php?rest_route=%2Fwp%2Fv2%2Ftags&post=248005"}],"curies":[{"name":"wp","href":"https:\/\/api.w.org\/{rel}","templated":true}]}}