{"id":248008,"date":"2022-01-05T11:24:59","date_gmt":"2022-01-05T09:24:59","guid":{"rendered":"http:\/\/107.6.182.27\/tr\/?p=248008"},"modified":"2022-01-06T08:36:45","modified_gmt":"2022-01-06T06:36:45","slug":"suriye-ile-urdun-arasinda-ekonomik-isbirligi-ve-ticaret-alisverisini-gelistirmeye-yonelik-gorusmeler","status":"publish","type":"post","link":"https:\/\/archive.sana.sy\/tr\/?p=248008","title":{"rendered":"Suriye \u0130le \u00dcrd\u00fcn Aras\u0131nda Ekonomik \u0130\u015fbirli\u011fi Ve Ticaret Al\u0131\u015fveri\u015fini Geli\u015ftirmeye Y\u00f6nelik G\u00f6r\u00fc\u015fmeler"},"content":{"rendered":"<p style=\"text-align: justify;\">\u015eAM &#8211; \u0130\u00e7 Ticaret ve T\u00fcketiciyi Koruma Bakan\u0131 Dr. Amr Salim, \u00dcrd\u00fcn Ticaret Odas\u0131&#8217;ndan bir heyet ile Suriye ve \u00dcrd\u00fcn aras\u0131nda ekonomik i\u015fbirli\u011fini ve ticari m\u00fcbadele ili\u015fkilerini geli\u015ftirmenin yollar\u0131n\u0131 ele ald\u0131.<\/p>\n<p style=\"text-align: justify;\">D\u00fcn \u0130\u00e7 Ticaret ve T\u00fcketicinin Korunmas\u0131 Bakanl\u0131\u011f\u0131 binas\u0131nda ger\u00e7ekle\u015ftirilen g\u00f6r\u00fc\u015fmede iki taraf, iki \u00fclke pazarlar\u0131n\u0131n ihtiya\u00e7lar\u0131n\u0131 ele alan Suriye-\u00dcrd\u00fcn \u015firketleri kurma, \u00e7e\u015fitli mal ve hizmetler sa\u011flama, Suriye mal ve \u00fcr\u00fcnlerini sergileme amac\u0131yla \u00dcrd\u00fcn topraklar\u0131nda Suriye fuarlar\u0131 kurmak i\u00e7in \u00e7al\u0131\u015fmalarda bulundu. Bakanl\u0131k kurumlar\u0131 ile heyet aras\u0131ndaki ortak i\u015fbirli\u011fi yollar\u0131n\u0131 tart\u0131\u015fmak ve \u00fczerinde do\u011frudan anla\u015fmaya var\u0131lanlar\u0131 harekete ge\u00e7irmek i\u00e7in yap\u0131lan \u00e7al\u0131\u015fmalar\u0131 takip etme karar\u0131 al\u0131nd\u0131.<\/p>\n<p style=\"text-align: justify;\">Bakan Salim, iki \u00fclke ve iki karde\u015f halk aras\u0131ndaki ili\u015fkilerin derinli\u011fine dikkat \u00e7ekerek, iki \u00fclke aras\u0131ndaki i\u015fbirli\u011fi yollar\u0131n\u0131 engelleyen t\u00fcm zorluk ve engellerin a\u015f\u0131lmas\u0131 ve ortak \u00e7al\u0131\u015fmay\u0131 geli\u015ftiren ve ileri a\u015famalara ta\u015f\u0131yan kolayl\u0131klar sa\u011flanmas\u0131 gerekti\u011fini vurgulad\u0131.<\/p>\n<p style=\"text-align: justify;\">Buna kar\u015f\u0131l\u0131k \u00dcrd\u00fcn Ticaret Odas\u0131 Ba\u015fkan\u0131 Nail Kabariti, \u00dcrd\u00fcn ticari ve ekonomik sekt\u00f6r\u00fcn\u00fcn iki \u00fclkenin ortak \u00e7\u0131karlar\u0131n\u0131 elde etmek i\u00e7in Suriye taraf\u0131yla stratejik ili\u015fkiler kurma ve ger\u00e7ek ortakl\u0131klar kurma konusundaki isteklili\u011fini belirtti.<\/p>\n","protected":false},"excerpt":{"rendered":"<p>\u015eAM &#8211; \u0130\u00e7 Ticaret ve T\u00fcketiciyi Koruma Bakan\u0131 Dr. Amr Salim, \u00dcrd\u00fcn Ticaret Odas\u0131&#8217;ndan bir heyet ile Suriye ve \u00dcrd\u00fcn aras\u0131nda ekonomik i\u015fbirli\u011fini ve ticari m\u00fcbadele ili\u015fkilerini geli\u015ftirmenin yollar\u0131n\u0131 ele ald\u0131. D\u00fcn \u0130\u00e7 Ticaret ve T\u00fcketicinin Korunmas\u0131 Bakanl\u0131\u011f\u0131 binas\u0131nda ger\u00e7ekle\u015ftirilen g\u00f6r\u00fc\u015fmede iki taraf, iki \u00fclke pazarlar\u0131n\u0131n ihtiya\u00e7lar\u0131n\u0131 ele alan Suriye-\u00dcrd\u00fcn \u015firketleri kurma, \u00e7e\u015fitli mal ve &hellip;<\/p>\n","protected":false},"author":1,"featured_media":248009,"comment_status":"closed","ping_status":"closed","sticky":false,"template":"","format":"standard","meta":{"footnotes":""},"categories":[485,486,479,17988,478],"tags":[],"class_list":["post-248008","post","type-post","status-publish","format-standard","has-post-thumbnail","","category-is-ve-sermaye","category-haberler-is-ve-sermaye","category-haberler-yerel","category-son-haberler","category-yerel"],"_links":{"self":[{"href":"https:\/\/archive.sana.sy\/tr\/index.php?rest_route=\/wp\/v2\/posts\/248008","targetHints":{"allow":["GET"]}}],"collection":[{"href":"https:\/\/archive.sana.sy\/tr\/index.php?rest_route=\/wp\/v2\/posts"}],"about":[{"href":"https:\/\/archive.sana.sy\/tr\/index.php?rest_route=\/wp\/v2\/types\/post"}],"author":[{"embeddable":true,"href":"https:\/\/archive.sana.sy\/tr\/index.php?rest_route=\/wp\/v2\/users\/1"}],"replies":[{"embeddable":true,"href":"https:\/\/archive.sana.sy\/tr\/index.php?rest_route=%2Fwp%2Fv2%2Fcomments&post=248008"}],"version-history":[{"count":0,"href":"https:\/\/archive.sana.sy\/tr\/index.php?rest_route=\/wp\/v2\/posts\/248008\/revisions"}],"wp:featuredmedia":[{"embeddable":true,"href":"https:\/\/archive.sana.sy\/tr\/index.php?rest_route=\/wp\/v2\/media\/248009"}],"wp:attachment":[{"href":"https:\/\/archive.sana.sy\/tr\/index.php?rest_route=%2Fwp%2Fv2%2Fmedia&parent=248008"}],"wp:term":[{"taxonomy":"category","embeddable":true,"href":"https:\/\/archive.sana.sy\/tr\/index.php?rest_route=%2Fwp%2Fv2%2Fcategories&post=248008"},{"taxonomy":"post_tag","embeddable":true,"href":"https:\/\/archive.sana.sy\/tr\/index.php?rest_route=%2Fwp%2Fv2%2Ftags&post=248008"}],"curies":[{"name":"wp","href":"https:\/\/api.w.org\/{rel}","templated":true}]}}