{"id":248020,"date":"2022-01-05T12:47:47","date_gmt":"2022-01-05T10:47:47","guid":{"rendered":"http:\/\/107.6.182.27\/tr\/?p=248020"},"modified":"2022-01-06T08:37:18","modified_gmt":"2022-01-06T06:37:18","slug":"bagdatta-zafer-kampi-ve-abdnin-victoria-ussu-fuzelerle-hedef-alindi","status":"publish","type":"post","link":"https:\/\/archive.sana.sy\/tr\/?p=248020","title":{"rendered":"Ba\u011fdat&#8217;ta Zafer Kamp\u0131 ve ABD&#8217;nin Victoria \u00dcss\u00fc F\u00fczelerle Hedef Al\u0131nd\u0131"},"content":{"rendered":"<p style=\"text-align: justify;\">BA\u011eDAT &#8211; Irak G\u00fcvenlik Medya H\u00fccresi, ba\u015fkent Ba\u011fdat&#8217;\u0131n bat\u0131s\u0131ndaki El Nasr (Zafer) kamp\u0131n\u0131n kimli\u011fi belirsiz ki\u015filer taraf\u0131ndan bir f\u00fczeyle hedef ald\u0131\u011f\u0131n\u0131, f\u00fczenin d\u00fc\u015fmesi sonucu herhangi bir can ve maddi kay\u0131plar\u0131n ya\u015fanmad\u0131\u011f\u0131n\u0131 kaydetti.<\/p>\n<p style=\"text-align: justify;\">H\u00fccre, bug\u00fcn Irak Haber Ajans\u0131 &#8220;INA&#8221; taraf\u0131ndan yap\u0131lan a\u00e7\u0131klamada, arama operasyonlar\u0131 s\u0131ras\u0131nda 240 mm kalibrelik bir f\u00fcze ile donat\u0131lm\u0131\u015f bir f\u00fcze f\u0131rlat\u0131c\u0131 bulundu\u011funu, g\u00fcvenlik g\u00fc\u00e7leri taraf\u0131ndan s\u00f6k\u00fclerek yetkili makamlara teslim edildi\u011fini belirtti.<\/p>\n<p style=\"text-align: justify;\">A\u00e7\u0131klamada, sald\u0131r\u0131n\u0131n faillerinin belirlenmesi i\u00e7in soru\u015fturman\u0131n s\u00fcrd\u00fcr\u00fcld\u00fc\u011f\u00fc belirtildi.<\/p>\n<p style=\"text-align: justify;\">\u00d6te yandan D\u00f6rt Katyu\u015fa roketi, bug\u00fcn \u015fafak vaktinde Ba\u011fdat Uluslararas\u0131 Havaliman\u0131 dailindeki ABD Victoria \u00fcss\u00fcn\u00fc hedef ald\u0131.<\/p>\n<p style=\"text-align: justify;\">Bir g\u00fcvenlik kayna\u011f\u0131 Ba\u011fdat&#8217;taki SANA muhabirine, &#8220;d\u00f6rt Katyu\u015fa roketinin Ba\u011fdat Uluslararas\u0131 Havaalan\u0131 \u00e7evresindeki ABD Hava Kuvvetleri Victoria \u00dcss\u00fc&#8217;ndeki ABD Ordusu Karakolunun yak\u0131n\u0131na d\u00fc\u015ft\u00fc\u011f\u00fcn\u00fc&#8221; belirterek; &#8220;beklentilerin, f\u00fczelerin havaalan\u0131 paralelindeki Cihad mahallesinden f\u0131rlat\u0131ld\u0131\u011f\u0131n\u0131 g\u00f6steriyor&#8221; dedi.<\/p>\n<p style=\"text-align: justify;\">Kaynak, yetkililerin \u00fcss\u00fcn hedef al\u0131nmas\u0131ndan kaynaklanan kay\u0131plar hakk\u0131nda daha fazla ayr\u0131nt\u0131 vermeden kazan\u0131n ko\u015fullar\u0131n\u0131 \u00f6\u011frenmek i\u00e7in soru\u015fturma ba\u015flatt\u0131\u011f\u0131n\u0131 \u015faret etti.<\/p>\n","protected":false},"excerpt":{"rendered":"<p>BA\u011eDAT &#8211; Irak G\u00fcvenlik Medya H\u00fccresi, ba\u015fkent Ba\u011fdat&#8217;\u0131n bat\u0131s\u0131ndaki El Nasr (Zafer) kamp\u0131n\u0131n kimli\u011fi belirsiz ki\u015filer taraf\u0131ndan bir f\u00fczeyle hedef ald\u0131\u011f\u0131n\u0131, f\u00fczenin d\u00fc\u015fmesi sonucu herhangi bir can ve maddi kay\u0131plar\u0131n ya\u015fanmad\u0131\u011f\u0131n\u0131 kaydetti. H\u00fccre, bug\u00fcn Irak Haber Ajans\u0131 &#8220;INA&#8221; taraf\u0131ndan yap\u0131lan a\u00e7\u0131klamada, arama operasyonlar\u0131 s\u0131ras\u0131nda 240 mm kalibrelik bir f\u00fcze ile donat\u0131lm\u0131\u015f bir f\u00fcze f\u0131rlat\u0131c\u0131 bulundu\u011funu, &hellip;<\/p>\n","protected":false},"author":1,"featured_media":248021,"comment_status":"closed","ping_status":"closed","sticky":false,"template":"","format":"standard","meta":{"footnotes":""},"categories":[458,459,17988],"tags":[],"class_list":["post-248020","post","type-post","status-publish","format-standard","has-post-thumbnail","","category-dunya1","category-haberler-arap-uluslararasi-politika","category-son-haberler"],"_links":{"self":[{"href":"https:\/\/archive.sana.sy\/tr\/index.php?rest_route=\/wp\/v2\/posts\/248020","targetHints":{"allow":["GET"]}}],"collection":[{"href":"https:\/\/archive.sana.sy\/tr\/index.php?rest_route=\/wp\/v2\/posts"}],"about":[{"href":"https:\/\/archive.sana.sy\/tr\/index.php?rest_route=\/wp\/v2\/types\/post"}],"author":[{"embeddable":true,"href":"https:\/\/archive.sana.sy\/tr\/index.php?rest_route=\/wp\/v2\/users\/1"}],"replies":[{"embeddable":true,"href":"https:\/\/archive.sana.sy\/tr\/index.php?rest_route=%2Fwp%2Fv2%2Fcomments&post=248020"}],"version-history":[{"count":0,"href":"https:\/\/archive.sana.sy\/tr\/index.php?rest_route=\/wp\/v2\/posts\/248020\/revisions"}],"wp:featuredmedia":[{"embeddable":true,"href":"https:\/\/archive.sana.sy\/tr\/index.php?rest_route=\/wp\/v2\/media\/248021"}],"wp:attachment":[{"href":"https:\/\/archive.sana.sy\/tr\/index.php?rest_route=%2Fwp%2Fv2%2Fmedia&parent=248020"}],"wp:term":[{"taxonomy":"category","embeddable":true,"href":"https:\/\/archive.sana.sy\/tr\/index.php?rest_route=%2Fwp%2Fv2%2Fcategories&post=248020"},{"taxonomy":"post_tag","embeddable":true,"href":"https:\/\/archive.sana.sy\/tr\/index.php?rest_route=%2Fwp%2Fv2%2Ftags&post=248020"}],"curies":[{"name":"wp","href":"https:\/\/api.w.org\/{rel}","templated":true}]}}