{"id":248023,"date":"2022-01-05T13:35:32","date_gmt":"2022-01-05T11:35:32","guid":{"rendered":"http:\/\/107.6.182.27\/tr\/?p=248023"},"modified":"2022-01-06T13:51:01","modified_gmt":"2022-01-06T11:51:01","slug":"yaraticilik-forumunda-drama-mesesi-muna-vasifin-sanat-yolculugu","status":"publish","type":"post","link":"https:\/\/archive.sana.sy\/tr\/?p=248023","title":{"rendered":"Yarat\u0131c\u0131l\u0131k Forumunda Drama Me\u015fesi Muna Vas\u0131f&#8217;\u0131n Sanat Yolculu\u011fu"},"content":{"rendered":"<p style=\"text-align: justify;\">\u015eAM &#8211; G\u00fc\u00e7l\u00fc sanat\u00e7\u0131 Muna Vasif, Y\u00fcksek Drama Sanatlar\u0131 Enstit\u00fcs\u00fc \u00f6\u011frencilerini, enstit\u00fcde d\u00fczenlenen yarat\u0131c\u0131l\u0131k forumu arac\u0131l\u0131\u011f\u0131yla, ba\u015far\u0131larla dolu ve 60 y\u0131l\u0131 a\u015fk\u0131n sanatsal kariyerinin istasyonlar\u0131nda ilgin\u00e7 bir yolculu\u011fa \u00e7\u0131kard\u0131.<\/p>\n<p style=\"text-align: justify;\">Enstit\u00fcdeki Sadullah Vennus Tiyatrosu sahnesinde ele\u015ftirmen Saad El Kas\u0131m taraf\u0131ndan y\u00f6netilen diyalog samimi olup \u00f6\u011frencilere Suriye Drama Me\u015fesinin yarat\u0131c\u0131 deneyiminin \u00f6zetini ileten bir\u00e7ok duygusal hat\u0131ra ve \u00f6nemli teknik bilgilerle doluydu.<\/p>\n<p style=\"text-align: justify;\">Vasif, 1960 y\u0131l\u0131nda askeri tiyatrodaki ba\u015flang\u0131\u00e7lar\u0131ndan, orada sergiledi\u011fi performanslardan ve e\u015fi rahmetli y\u00f6netmen Mohamed \u015eahin ile tan\u0131\u015fmas\u0131ndan, Rahmetli Refik Al Sabban, Yusuf Hanna, Hani Al Rumani ve di\u011ferleri gibi Suriye sanat\u0131ndaki \u00f6nemli isimlere var\u0131ncaya kadar, 1966&#8217;da Ulusal Tiyatro ile ili\u015fkisini anlatt\u0131, M\u00fcnire&#8217;nin As&#8217;ad Al Varrak&#8217;taki ki\u015fili\u011finin sahibi, onun televizyon ve sinemadaki ba\u015flang\u0131\u00e7lar\u0131na da de\u011findi, 1975&#8217;te merhum Mustafa Al-Akkad&#8217;\u0131n &#8220;El Risale&#8221; filminde Hind rol\u00fcn\u00fc almas\u0131na \u00a0da de\u011finerek Arap \u015f\u00f6hreti a\u00e7\u0131s\u0131ndan sanatsal kariyerinde ona yard\u0131mc\u0131 oldu\u011funu, yeteneklerine olan g\u00fcvenini art\u0131rmas\u0131na yard\u0131mc\u0131 oldu\u011funu ve daha sonra oynad\u0131\u011f\u0131 t\u00fcm rollerde bir d\u00f6n\u00fcm noktas\u0131 haline geldi\u011fini dile getirdi.<\/p>\n<p style=\"text-align: justify;\">Sanat\u00e7\u0131 Vasif, sanat\u0131n babas\u0131na olan b\u00fcy\u00fck sevgisini ve ona olan tutkusunu, her zaman \u00f6n planda olmak i\u00e7in g\u00f6sterdi\u011fi titizlik ve azmin \u00f6l\u00e7\u00fcs\u00fcn\u00fc, hayat\u0131n\u0131 se\u00e7ti\u011fi mesle\u011fe adayarak g\u00f6stermi\u015f ve ona hayat\u0131n\u0131n en g\u00fczel y\u0131llar\u0131n\u0131 ya\u015fatt\u0131\u011f\u0131n\u0131 dile getirerek, hayat\u0131n\u0131n ayr\u0131nt\u0131lar\u0131n\u0131 bug\u00fcne kadar b\u00fcy\u00fck bir a\u015fkla ya\u015fad\u0131\u011f\u0131na dikkat \u00e7ekti.<\/p>\n<p style=\"text-align: justify;\">Tiyatronun b\u00fcy\u00fcs\u00fcne kap\u0131lan ve salonu dolduran enstit\u00fc \u00f6\u011frencileri, sanat\u00e7\u0131 Vasif&#8217;e pek \u00e7ok soru y\u00f6neltirlerken, verdi\u011fi yan\u0131tlar\u0131nda sanat d\u00fcnyas\u0131ndaki hedeflerine ula\u015fana kadar \u015f\u00f6hret, azim ve \u00e7al\u0131\u015fkanl\u0131k i\u00e7in acele etmemelerini tavsiye etti ve sanatla u\u011fra\u015fma y\u00f6nteminin iki ilkeye dayand\u0131\u011f\u0131n\u0131 vurgulayan, ba\u015far\u0131dan gelen a\u015f\u0131r\u0131 co\u015fkuyu \u00f6nlemek ve ba\u015far\u0131s\u0131zl\u0131ktan korkmamak oldu\u011funu ifade etti.<\/p>\n<p style=\"text-align: justify;\">El Heybe Dizisinde ald\u0131\u011f\u0131 rolde \u00dcmm\u00fc Cebel, \u00f6\u011frencilerle ve gen\u00e7lerle diyalo\u011funun ona canl\u0131l\u0131k kazand\u0131rd\u0131\u011f\u0131n\u0131, gelecek i\u00e7in umut verdi\u011fi i\u00e7in etkinli\u011fini, co\u015fkusunu ve sanata olan tutkusunu tazeledi\u011fini dile getirerek, insanlar\u0131n sevgisini kazanmas\u0131n\u0131n onu g\u00fc\u00e7lendirdi\u011fini ve daha fazla verimli olmaya y\u00f6nelik motivasyon verdi\u011fini belirtti.<\/p>\n<p style=\"text-align: justify;\">Diyalo\u011fa kat\u0131lan K\u00fclt\u00fcr Bakan\u0131 Dr. Lubana Mu\u015favvah, Drama Sanatlar Enstit\u00fcs\u00fc&#8217;n\u00fcn d\u00fczenledi\u011fi yarat\u0131c\u0131l\u0131k forumunu bu akademik kurumun tarihinde kaydedilen \u00f6nemli bir ad\u0131m olarak de\u011ferlendirdi ve \u00f6zellikle seanslar\u0131n\u0131, \u00f6\u011frencilerin kibirlenmeden veya ba\u015far\u0131s\u0131zl\u0131ktan umutsuzlu\u011fa kap\u0131lmadan y\u0131ld\u0131zl\u0131\u011fa giden yolu bulmalar\u0131na yard\u0131mc\u0131 olacak do\u011fru bir se\u00e7im olan sanat\u00e7\u0131 Muna ile ba\u015flamalar\u0131n\u0131n do\u011fru bir se\u00e7enek oldu\u011funu kaydetti.<\/p>\n<p style=\"text-align: justify;\">Kendi y\u00f6n,nden Enstit\u00fc Dekan\u0131 Dr. Tamir El Arabid ise Yarat\u0131c\u0131l\u0131k Forumu&#8217;nun Sahne Sanatlar\u0131 Enstit\u00fcs\u00fc&#8217;n\u00fcn yarat\u0131c\u0131lar\u0131n deneyimlerinin bir \u00f6zetini \u00f6\u011frencilerine sunmaya \u00e7al\u0131\u015fan yarat\u0131c\u0131 bir ara\u015ft\u0131rma kurumu oldu\u011fu ger\u00e7e\u011finden kaynakland\u0131\u011f\u0131n\u0131 belirterek, yarat\u0131c\u0131 tiyatro hocalar\u0131n\u0131n nesli ile kuruldu\u011fu g\u00fcnden bug\u00fcne tarihi ve kariyeri do\u011frultusunda onlardan bir \u015feyler \u00f6\u011frenmek oldu\u011funu dile getirdi.<\/p>\n<p style=\"text-align: justify;\">Ele\u015ftirmen El Kas\u0131m ise, yarat\u0131c\u0131l\u0131k forumunun enstit\u00fcdeki e\u011fitim s\u00fcrecinin bir par\u00e7as\u0131 oldu\u011funu ve \u00f6\u011frencilere Suriyeli yarat\u0131c\u0131lar\u0131n deneyimlerinden yararlanma f\u0131rsat\u0131 sundu\u011funu, sanat\u00e7\u0131 Muna&#8217;n\u0131n b\u00fcy\u00fck de\u011feri ile Suriyelilerin bir\u00e7ok neslinin haf\u0131zas\u0131na ve vicdan\u0131na ba\u011fl\u0131 oldu\u011funu a\u00e7\u0131klad\u0131.<\/p>\n<p style=\"text-align: justify;\">Diyalogdan sonra, yetenekli sanat\u00e7\u0131 Muna Vasif&#8217;e Enstit\u00fc&#8217;n\u00fcn kalkan\u0131 takdim edilerek onurland\u0131r\u0131ld\u0131.<\/p>\n<p style=\"text-align: center;\"><iframe loading=\"lazy\" title=\"YouTube video player\" src=\"https:\/\/www.youtube.com\/embed\/k3SXe_cFojw\" width=\"620\" height=\"347\" frameborder=\"0\" allowfullscreen=\"allowfullscreen\"><\/iframe><\/p>\n","protected":false},"excerpt":{"rendered":"<p>\u015eAM &#8211; G\u00fc\u00e7l\u00fc sanat\u00e7\u0131 Muna Vasif, Y\u00fcksek Drama Sanatlar\u0131 Enstit\u00fcs\u00fc \u00f6\u011frencilerini, enstit\u00fcde d\u00fczenlenen yarat\u0131c\u0131l\u0131k forumu arac\u0131l\u0131\u011f\u0131yla, ba\u015far\u0131larla dolu ve 60 y\u0131l\u0131 a\u015fk\u0131n sanatsal kariyerinin istasyonlar\u0131nda ilgin\u00e7 bir yolculu\u011fa \u00e7\u0131kard\u0131. Enstit\u00fcdeki Sadullah Vennus Tiyatrosu sahnesinde ele\u015ftirmen Saad El Kas\u0131m taraf\u0131ndan y\u00f6netilen diyalog samimi olup \u00f6\u011frencilere Suriye Drama Me\u015fesinin yarat\u0131c\u0131 deneyiminin \u00f6zetini ileten bir\u00e7ok duygusal hat\u0131ra ve &hellip;<\/p>\n","protected":false},"author":1,"featured_media":248024,"comment_status":"closed","ping_status":"closed","sticky":false,"template":"","format":"standard","meta":{"footnotes":""},"categories":[516,479,511,17988,478],"tags":[],"class_list":["post-248023","post","type-post","status-publish","format-standard","has-post-thumbnail","","category-haberler-kultur-ve-sanat","category-haberler-yerel","category-kultur-ve-sanat","category-son-haberler","category-yerel"],"_links":{"self":[{"href":"https:\/\/archive.sana.sy\/tr\/index.php?rest_route=\/wp\/v2\/posts\/248023","targetHints":{"allow":["GET"]}}],"collection":[{"href":"https:\/\/archive.sana.sy\/tr\/index.php?rest_route=\/wp\/v2\/posts"}],"about":[{"href":"https:\/\/archive.sana.sy\/tr\/index.php?rest_route=\/wp\/v2\/types\/post"}],"author":[{"embeddable":true,"href":"https:\/\/archive.sana.sy\/tr\/index.php?rest_route=\/wp\/v2\/users\/1"}],"replies":[{"embeddable":true,"href":"https:\/\/archive.sana.sy\/tr\/index.php?rest_route=%2Fwp%2Fv2%2Fcomments&post=248023"}],"version-history":[{"count":0,"href":"https:\/\/archive.sana.sy\/tr\/index.php?rest_route=\/wp\/v2\/posts\/248023\/revisions"}],"wp:featuredmedia":[{"embeddable":true,"href":"https:\/\/archive.sana.sy\/tr\/index.php?rest_route=\/wp\/v2\/media\/248024"}],"wp:attachment":[{"href":"https:\/\/archive.sana.sy\/tr\/index.php?rest_route=%2Fwp%2Fv2%2Fmedia&parent=248023"}],"wp:term":[{"taxonomy":"category","embeddable":true,"href":"https:\/\/archive.sana.sy\/tr\/index.php?rest_route=%2Fwp%2Fv2%2Fcategories&post=248023"},{"taxonomy":"post_tag","embeddable":true,"href":"https:\/\/archive.sana.sy\/tr\/index.php?rest_route=%2Fwp%2Fv2%2Ftags&post=248023"}],"curies":[{"name":"wp","href":"https:\/\/api.w.org\/{rel}","templated":true}]}}