{"id":248026,"date":"2022-01-05T14:30:45","date_gmt":"2022-01-05T12:30:45","guid":{"rendered":"http:\/\/107.6.182.27\/tr\/?p=248026"},"modified":"2022-01-06T09:28:33","modified_gmt":"2022-01-06T07:28:33","slug":"eski-halepte-el-nahhasin-bakircilar-hamami-terorun-tozunu-silkeleyerek-ortaya-cikan-arkeolojik-ikon","status":"publish","type":"post","link":"https:\/\/archive.sana.sy\/tr\/?p=248026","title":{"rendered":"Eski Halep&#8217;te El Nahhasin (Bak\u0131rc\u0131lar) Hamam\u0131.. Ter\u00f6r\u00fcn Tozunu Silkeleyerek Ortaya \u00c7\u0131kan Arkeolojik \u0130kon"},"content":{"rendered":"<p style=\"text-align: justify;\">HALEP &#8211; Ter\u00f6r\u00fcn baz\u0131 bile\u015fenleriyle geldi\u011fi \u00a0ve parmak izlerini silmek i\u00e7in restorasyon ve rehabilitasyon \u00e7al\u0131\u015fmalar\u0131n\u0131n bitmek \u00fczere oldu\u011fu El Nahhasin Hamam\u0131, y\u0131llar i\u00e7inde esteti\u011fini koruyan ve bug\u00fcn yeniden hayata d\u00f6nd\u00fcr\u00fclen bir arkeolojik \u015faheser olarak Eyyubi ihti\u015fam\u0131n\u0131 yeniden kazan\u0131yor ve Halep&#8217;in eski mahallelerinin uzun s\u00fcredir i\u00e7inde ya\u015fad\u0131\u011f\u0131 samimi sosyal ortam\u0131, d\u00fc\u011f\u00fcn t\u00f6renleri ve e\u011flenceleri kubbeli eski banyo alt\u0131nda yeniden canland\u0131r\u0131yor.<\/p>\n<p style=\"text-align: justify;\"><a href=\"http:\/\/107.6.182.27\/tr\/wp-content\/uploads\/2022\/01\/2-4.jpg\"><img loading=\"lazy\" decoding=\"async\" class=\"size-medium wp-image-248028 alignright\" src=\"http:\/\/107.6.182.27\/tr\/wp-content\/uploads\/2022\/01\/2-4-300x172.jpg\" alt=\"\" width=\"300\" height=\"172\" srcset=\"https:\/\/archive.sana.sy\/tr\/wp-content\/uploads\/2022\/01\/2-4-300x172.jpg 300w, https:\/\/archive.sana.sy\/tr\/wp-content\/uploads\/2022\/01\/2-4-150x86.jpg 150w, https:\/\/archive.sana.sy\/tr\/wp-content\/uploads\/2022\/01\/2-4.jpg 660w\" sizes=\"auto, (max-width: 300px) 100vw, 300px\" \/><\/a>Bak\u0131rc\u0131lar hamam\u0131na gitmeye al\u0131\u015fk\u0131n olanlar, B\u00fcy\u00fck Emevi Camii&#8217;nin arkas\u0131ndan y\u00fcr\u00fcd\u00fckleri k\u00fc\u00e7\u00fck sokaklar, Al Muhammas, Al Attarin ve Demirci \u00e7ar\u015f\u0131lar\u0131n\u0131n sokaklar\u0131yla kesi\u015ferek Al \u015eibani Kilisesi ve Farafra&#8217;ya giden yollarla i\u00e7 i\u00e7edir.<\/p>\n<p style=\"text-align: justify;\">Hamam sahibi \u0130brahim Kattan, hamam\u0131n ge\u00e7mi\u015finin 950 y\u0131l geriye dayand\u0131\u011f\u0131n\u0131, Ay\u015fe binti Selauddin El Eyy\u00fcbi taraf\u0131ndan eski \u015fehir \u00fcslubuna g\u00f6re in\u015fa edildi\u011fini, mekana k\u0131\u015f\u0131n s\u0131cakl\u0131k, yaz\u0131n serinlik verdi\u011fini a\u00e7\u0131klad\u0131.<\/p>\n<p style=\"text-align: justify;\">Kattan SANA&#8217;ya a\u00e7\u0131klamas\u0131nda, hamam\u0131n tarihsel olarak iki b\u00f6l\u00fcme ayr\u0131ld\u0131\u011f\u0131n\u0131, ilkinin kad\u0131nlar i\u00e7in tasarlanan El Sitt (Han\u0131mlar) hamam\u0131 olarak adland\u0131r\u0131ld\u0131\u011f\u0131n\u0131, ikincisinin ise erkekler i\u00e7in Bak\u0131rc\u0131lar Hamam\u0131 oldu\u011funu, hamam\u0131n i\u00e7 b\u00f6l\u00fcm, orta b\u00f6l\u00fcm ve ziyaret\u00e7inin Berrani (d\u0131\u015f) b\u00f6l\u00fcm\u00fcnde kar\u015f\u0131land\u0131\u011f\u0131 i\u00e7 b\u00f6l\u00fcmde de \u00fcst\u00fcn\u00fc de\u011fi\u015ftirerek orta b\u00f6l\u00fcme girdi\u011fini ifade etti.<\/p>\n<p style=\"text-align: justify;\"><a href=\"http:\/\/107.6.182.27\/tr\/wp-content\/uploads\/2022\/01\/3-3.jpg\"><img loading=\"lazy\" decoding=\"async\" class=\"size-medium wp-image-248029 alignright\" src=\"http:\/\/107.6.182.27\/tr\/wp-content\/uploads\/2022\/01\/3-3-300x175.jpg\" alt=\"\" width=\"300\" height=\"175\" srcset=\"https:\/\/archive.sana.sy\/tr\/wp-content\/uploads\/2022\/01\/3-3-300x175.jpg 300w, https:\/\/archive.sana.sy\/tr\/wp-content\/uploads\/2022\/01\/3-3-150x88.jpg 150w, https:\/\/archive.sana.sy\/tr\/wp-content\/uploads\/2022\/01\/3-3.jpg 660w\" sizes=\"auto, (max-width: 300px) 100vw, 300px\" \/><\/a>Halep&#8217;in kurtar\u0131lmas\u0131, g\u00fcvenlik ve emniyetin geri gelmesiyle birlikte, ter\u00f6rizm nedeniyle b\u00f6l\u00fcmlerinin b\u00fcy\u00fck zarar g\u00f6rd\u00fc\u011f\u00fcne dikkat \u00e7eken, hamam\u0131n rehabilitasyonu, restorasyonu ve yak\u0131nda haz\u0131r hale getirilmesi i\u00e7in donat\u0131\u0131m \u00e7al\u0131\u015fmalar\u0131 yap\u0131ld\u0131\u011f\u0131na, \u00e7ok yak\u0131nda hizmete girece\u011fini ve 200&#8217;den fazla ki\u015fiyi a\u011f\u0131rlama kapasitesiyle kap\u0131lar\u0131n\u0131 ziyaret\u00e7ilerine a\u00e7aca\u011f\u0131n\u0131, hamam\u0131n ayr\u0131ca damad\u0131n gen\u00e7 arkada\u015flar\u0131yla birlikte gelip eski t\u00fcrk\u00fcler ve folklor e\u015fli\u011finde yemekler ve tatl\u0131 yiyerek d\u00fc\u011f\u00fcn \u00f6ncesi banyosunu yapt\u0131\u011f\u0131, sosyal etkinliklere de ev sahipli\u011fi yapaca\u011f\u0131n\u0131 dile getirdi.<\/p>\n","protected":false},"excerpt":{"rendered":"<p>HALEP &#8211; Ter\u00f6r\u00fcn baz\u0131 bile\u015fenleriyle geldi\u011fi \u00a0ve parmak izlerini silmek i\u00e7in restorasyon ve rehabilitasyon \u00e7al\u0131\u015fmalar\u0131n\u0131n bitmek \u00fczere oldu\u011fu El Nahhasin Hamam\u0131, y\u0131llar i\u00e7inde esteti\u011fini koruyan ve bug\u00fcn yeniden hayata d\u00f6nd\u00fcr\u00fclen bir arkeolojik \u015faheser olarak Eyyubi ihti\u015fam\u0131n\u0131 yeniden kazan\u0131yor ve Halep&#8217;in eski mahallelerinin uzun s\u00fcredir i\u00e7inde ya\u015fad\u0131\u011f\u0131 samimi sosyal ortam\u0131, d\u00fc\u011f\u00fcn t\u00f6renleri ve e\u011flenceleri kubbeli eski &hellip;<\/p>\n","protected":false},"author":1,"featured_media":248027,"comment_status":"closed","ping_status":"closed","sticky":false,"template":"","format":"standard","meta":{"footnotes":""},"categories":[479,17988,478],"tags":[],"class_list":["post-248026","post","type-post","status-publish","format-standard","has-post-thumbnail","","category-haberler-yerel","category-son-haberler","category-yerel"],"_links":{"self":[{"href":"https:\/\/archive.sana.sy\/tr\/index.php?rest_route=\/wp\/v2\/posts\/248026","targetHints":{"allow":["GET"]}}],"collection":[{"href":"https:\/\/archive.sana.sy\/tr\/index.php?rest_route=\/wp\/v2\/posts"}],"about":[{"href":"https:\/\/archive.sana.sy\/tr\/index.php?rest_route=\/wp\/v2\/types\/post"}],"author":[{"embeddable":true,"href":"https:\/\/archive.sana.sy\/tr\/index.php?rest_route=\/wp\/v2\/users\/1"}],"replies":[{"embeddable":true,"href":"https:\/\/archive.sana.sy\/tr\/index.php?rest_route=%2Fwp%2Fv2%2Fcomments&post=248026"}],"version-history":[{"count":0,"href":"https:\/\/archive.sana.sy\/tr\/index.php?rest_route=\/wp\/v2\/posts\/248026\/revisions"}],"wp:featuredmedia":[{"embeddable":true,"href":"https:\/\/archive.sana.sy\/tr\/index.php?rest_route=\/wp\/v2\/media\/248027"}],"wp:attachment":[{"href":"https:\/\/archive.sana.sy\/tr\/index.php?rest_route=%2Fwp%2Fv2%2Fmedia&parent=248026"}],"wp:term":[{"taxonomy":"category","embeddable":true,"href":"https:\/\/archive.sana.sy\/tr\/index.php?rest_route=%2Fwp%2Fv2%2Fcategories&post=248026"},{"taxonomy":"post_tag","embeddable":true,"href":"https:\/\/archive.sana.sy\/tr\/index.php?rest_route=%2Fwp%2Fv2%2Ftags&post=248026"}],"curies":[{"name":"wp","href":"https:\/\/api.w.org\/{rel}","templated":true}]}}