{"id":248031,"date":"2022-01-05T14:33:39","date_gmt":"2022-01-05T12:33:39","guid":{"rendered":"http:\/\/107.6.182.27\/tr\/?p=248031"},"modified":"2022-01-06T08:38:09","modified_gmt":"2022-01-06T06:38:09","slug":"deyrezzor-el-sumayta-belde-merkezinde-ozel-durum-duzeltme-eylemi-devam-ediyor","status":"publish","type":"post","link":"https:\/\/archive.sana.sy\/tr\/?p=248031","title":{"rendered":"Deyrezzor El \u015eumayta Belde Merkezinde \u00d6zel Durum D\u00fczeltme Eylemi Devam Ediyor"},"content":{"rendered":"<p style=\"text-align: justify;\">DEYREZZOR \u2013 \u0130kinci g\u00fcn\u00fcnde Deyrezzor k\u0131rsal\u0131ndaki el \u015eumayta Beldesi merkezindeki durum d\u00fczenleme eylemi devam ediyor<\/p>\n<p style=\"text-align: justify;\">SANA muhabiri, il evlatlar\u0131na \u00f6zel durum d\u00fczeltme eyleminin, aranan siviller, firar eden askerlerle yedek askerlik ve askerlik hizmetine kat\u0131lmayanlar\u0131 kapsad\u0131\u011f\u0131n\u0131 ifade etti.<\/p>\n","protected":false},"excerpt":{"rendered":"<p>DEYREZZOR \u2013 \u0130kinci g\u00fcn\u00fcnde Deyrezzor k\u0131rsal\u0131ndaki el \u015eumayta Beldesi merkezindeki durum d\u00fczenleme eylemi devam ediyor SANA muhabiri, il evlatlar\u0131na \u00f6zel durum d\u00fczeltme eyleminin, aranan siviller, firar eden askerlerle yedek askerlik ve askerlik hizmetine kat\u0131lmayanlar\u0131 kapsad\u0131\u011f\u0131n\u0131 ifade etti.<\/p>\n","protected":false},"author":1,"featured_media":248032,"comment_status":"closed","ping_status":"closed","sticky":false,"template":"","format":"standard","meta":{"footnotes":""},"categories":[479,17988,478],"tags":[],"class_list":["post-248031","post","type-post","status-publish","format-standard","has-post-thumbnail","","category-haberler-yerel","category-son-haberler","category-yerel"],"_links":{"self":[{"href":"https:\/\/archive.sana.sy\/tr\/index.php?rest_route=\/wp\/v2\/posts\/248031","targetHints":{"allow":["GET"]}}],"collection":[{"href":"https:\/\/archive.sana.sy\/tr\/index.php?rest_route=\/wp\/v2\/posts"}],"about":[{"href":"https:\/\/archive.sana.sy\/tr\/index.php?rest_route=\/wp\/v2\/types\/post"}],"author":[{"embeddable":true,"href":"https:\/\/archive.sana.sy\/tr\/index.php?rest_route=\/wp\/v2\/users\/1"}],"replies":[{"embeddable":true,"href":"https:\/\/archive.sana.sy\/tr\/index.php?rest_route=%2Fwp%2Fv2%2Fcomments&post=248031"}],"version-history":[{"count":0,"href":"https:\/\/archive.sana.sy\/tr\/index.php?rest_route=\/wp\/v2\/posts\/248031\/revisions"}],"wp:featuredmedia":[{"embeddable":true,"href":"https:\/\/archive.sana.sy\/tr\/index.php?rest_route=\/wp\/v2\/media\/248032"}],"wp:attachment":[{"href":"https:\/\/archive.sana.sy\/tr\/index.php?rest_route=%2Fwp%2Fv2%2Fmedia&parent=248031"}],"wp:term":[{"taxonomy":"category","embeddable":true,"href":"https:\/\/archive.sana.sy\/tr\/index.php?rest_route=%2Fwp%2Fv2%2Fcategories&post=248031"},{"taxonomy":"post_tag","embeddable":true,"href":"https:\/\/archive.sana.sy\/tr\/index.php?rest_route=%2Fwp%2Fv2%2Ftags&post=248031"}],"curies":[{"name":"wp","href":"https:\/\/api.w.org\/{rel}","templated":true}]}}