{"id":248034,"date":"2022-01-05T17:26:21","date_gmt":"2022-01-05T15:26:21","guid":{"rendered":"http:\/\/107.6.182.27\/tr\/?p=248034"},"modified":"2022-01-06T08:38:26","modified_gmt":"2022-01-06T06:38:26","slug":"irak-gucleri-8-isidliyi-tutukladi","status":"publish","type":"post","link":"https:\/\/archive.sana.sy\/tr\/?p=248034","title":{"rendered":"Irak G\u00fc\u00e7leri 8 \u201cI\u015e\u0130D\u201dliyi Tutuklad\u0131"},"content":{"rendered":"<p style=\"text-align: justify;\">A\u011eDAT \u2013 Irak g\u00fcvenlik g\u00fc\u00e7leri bug\u00fcn Ba\u011fdat, Kerk\u00fck ve Diyala&#8217;da d\u00fczenledi\u011fi \u00e7ok say\u0131da operasyonda sekiz ter\u00f6risti tutuklad\u0131.<\/p>\n<p style=\"text-align: justify;\">Irak Haber Ajans\u0131 G\u00fcvenlik Medya H\u00fccresi\u2019nden aktararak, \u201c\u0130\u00e7i\u015fleri Bakanl\u0131\u011f\u0131&#8217;na ba\u011fl\u0131 Federal \u0130stihbarat ve Soru\u015fturma Te\u015fkilat\u0131, Ba\u011fdat Valili\u011fi&#8217;nde d\u00f6rt, Kerk\u00fck&#8217;te \u00fc\u00e7 ve Diyala&#8217;da bir ter\u00f6ristin tutuklanmas\u0131yla sonu\u00e7lanan ayr\u0131 operasyonlar d\u00fczenlediklerini\u201d belirtti.<\/p>\n<p style=\"text-align: justify;\">P.M.<\/p>\n","protected":false},"excerpt":{"rendered":"<p>A\u011eDAT \u2013 Irak g\u00fcvenlik g\u00fc\u00e7leri bug\u00fcn Ba\u011fdat, Kerk\u00fck ve Diyala&#8217;da d\u00fczenledi\u011fi \u00e7ok say\u0131da operasyonda sekiz ter\u00f6risti tutuklad\u0131. Irak Haber Ajans\u0131 G\u00fcvenlik Medya H\u00fccresi\u2019nden aktararak, \u201c\u0130\u00e7i\u015fleri Bakanl\u0131\u011f\u0131&#8217;na ba\u011fl\u0131 Federal \u0130stihbarat ve Soru\u015fturma Te\u015fkilat\u0131, Ba\u011fdat Valili\u011fi&#8217;nde d\u00f6rt, Kerk\u00fck&#8217;te \u00fc\u00e7 ve Diyala&#8217;da bir ter\u00f6ristin tutuklanmas\u0131yla sonu\u00e7lanan ayr\u0131 operasyonlar d\u00fczenlediklerini\u201d belirtti. P.M.<\/p>\n","protected":false},"author":1,"featured_media":248035,"comment_status":"closed","ping_status":"closed","sticky":false,"template":"","format":"standard","meta":{"footnotes":""},"categories":[458,459,17988],"tags":[],"class_list":["post-248034","post","type-post","status-publish","format-standard","has-post-thumbnail","","category-dunya1","category-haberler-arap-uluslararasi-politika","category-son-haberler"],"_links":{"self":[{"href":"https:\/\/archive.sana.sy\/tr\/index.php?rest_route=\/wp\/v2\/posts\/248034","targetHints":{"allow":["GET"]}}],"collection":[{"href":"https:\/\/archive.sana.sy\/tr\/index.php?rest_route=\/wp\/v2\/posts"}],"about":[{"href":"https:\/\/archive.sana.sy\/tr\/index.php?rest_route=\/wp\/v2\/types\/post"}],"author":[{"embeddable":true,"href":"https:\/\/archive.sana.sy\/tr\/index.php?rest_route=\/wp\/v2\/users\/1"}],"replies":[{"embeddable":true,"href":"https:\/\/archive.sana.sy\/tr\/index.php?rest_route=%2Fwp%2Fv2%2Fcomments&post=248034"}],"version-history":[{"count":0,"href":"https:\/\/archive.sana.sy\/tr\/index.php?rest_route=\/wp\/v2\/posts\/248034\/revisions"}],"wp:featuredmedia":[{"embeddable":true,"href":"https:\/\/archive.sana.sy\/tr\/index.php?rest_route=\/wp\/v2\/media\/248035"}],"wp:attachment":[{"href":"https:\/\/archive.sana.sy\/tr\/index.php?rest_route=%2Fwp%2Fv2%2Fmedia&parent=248034"}],"wp:term":[{"taxonomy":"category","embeddable":true,"href":"https:\/\/archive.sana.sy\/tr\/index.php?rest_route=%2Fwp%2Fv2%2Fcategories&post=248034"},{"taxonomy":"post_tag","embeddable":true,"href":"https:\/\/archive.sana.sy\/tr\/index.php?rest_route=%2Fwp%2Fv2%2Ftags&post=248034"}],"curies":[{"name":"wp","href":"https:\/\/api.w.org\/{rel}","templated":true}]}}