{"id":248038,"date":"2022-01-05T17:28:13","date_gmt":"2022-01-05T15:28:13","guid":{"rendered":"http:\/\/107.6.182.27\/tr\/?p=248038"},"modified":"2022-01-06T12:33:41","modified_gmt":"2022-01-06T10:33:41","slug":"golanlilar-siyonist-varligin-uygulamalarini-ve-yerlesim-planlarini-reddetmek-icin-gosteri-duzenledi","status":"publish","type":"post","link":"https:\/\/archive.sana.sy\/tr\/?p=248038","title":{"rendered":"Golanl\u0131lar, Siyonist Varl\u0131\u011f\u0131n Uygulamalar\u0131n\u0131 Ve Yerle\u015fim Planlar\u0131n\u0131 Reddetmek \u0130\u00e7in G\u00f6steri D\u00fczenledi"},"content":{"rendered":"<p>\u015eAM \u2013 Siyonist i\u015fgal varl\u0131\u011f\u0131n\u0131n k\u00fcstahl\u0131\u011f\u0131n\u0131 reddeden ve onun uygulamalar\u0131na ve Golan&#8217;da yeni yerle\u015fim birimlerinin kurulmas\u0131n\u0131 geni\u015fletme karar\u0131na yan\u0131t olarak, i\u015fgal alt\u0131ndaki Surite Golanl\u0131lar, \u015eam&#8217;daki Uluslararas\u0131 K\u0131z\u0131lha\u00e7 Komitesi\u00a0 merkezi \u00f6n\u00fcnde miting d\u00fczenledi.<\/p>\n<p>Protesto eylemi s\u0131ras\u0131nda Golanl\u0131lar, topraklar\u0131n\u0131 geri alma ve Siyonist d\u00fc\u015fmana kar\u015f\u0131 m\u00fccadeleye devam etme haklar\u0131n\u0131 dile getirerek, bu duru\u015funun t\u00fcm d\u00fcnyaya Golan topra\u011f\u0131ndan vazge\u00e7meyeceklerinin bir mesaj\u0131 oldu\u011funu yineledi.<\/p>\n<p>Protestoya kat\u0131lanlar, i\u015fgal varl\u0131\u011f\u0131n\u0131n derhal ve tamamen geri \u00e7ekilmesini ve 4 Haziran 1967 s\u0131n\u0131rlar\u0131na kadar i\u015fgal alt\u0131ndaki t\u00fcm topraklar\u0131n geri verilmesini talep ederken, ayr\u0131ca uluslararas\u0131 topluma ve uluslararas\u0131 me\u015fruiyete Suriye halk\u0131na kar\u015f\u0131 destekleyici ve hakl\u0131 bir duru\u015f sergilemeleri ve sahadaki rollerini yerine getirmeleri i\u00e7in \u00e7a\u011fr\u0131da bulundular.<\/p>\n<p>G\u00f6steriye kat\u0131lan Golan halk\u0131, i\u015fgal alt\u0131ndaki Golan topraklar\u0131n\u0131n her bir atomunu geri vermek i\u00e7in Ba\u015fkan Be\u015far Esad liderli\u011findeki yi\u011fit ordumuza duyduklar\u0131 b\u00fcy\u00fck g\u00fcveni dile getirirken, halk\u0131m\u0131z\u0131n i\u015fgalden bu yana Golan&#8217;daki kararl\u0131l\u0131\u011f\u0131n\u0131n, Suriye Arap halk\u0131n\u0131n fedakarl\u0131klar ne olursa olsun topraklar\u0131ndan ve haklar\u0131ndan vazge\u00e7meyece\u011fini teyit etti\u011fini vurgulad\u0131lar.<\/p>\n<p>P.M.<\/p>\n","protected":false},"excerpt":{"rendered":"<p>\u015eAM \u2013 Siyonist i\u015fgal varl\u0131\u011f\u0131n\u0131n k\u00fcstahl\u0131\u011f\u0131n\u0131 reddeden ve onun uygulamalar\u0131na ve Golan&#8217;da yeni yerle\u015fim birimlerinin kurulmas\u0131n\u0131 geni\u015fletme karar\u0131na yan\u0131t olarak, i\u015fgal alt\u0131ndaki Surite Golanl\u0131lar, \u015eam&#8217;daki Uluslararas\u0131 K\u0131z\u0131lha\u00e7 Komitesi\u00a0 merkezi \u00f6n\u00fcnde miting d\u00fczenledi. Protesto eylemi s\u0131ras\u0131nda Golanl\u0131lar, topraklar\u0131n\u0131 geri alma ve Siyonist d\u00fc\u015fmana kar\u015f\u0131 m\u00fccadeleye devam etme haklar\u0131n\u0131 dile getirerek, bu duru\u015funun t\u00fcm d\u00fcnyaya Golan topra\u011f\u0131ndan &hellip;<\/p>\n","protected":false},"author":1,"featured_media":248039,"comment_status":"closed","ping_status":"closed","sticky":false,"template":"","format":"standard","meta":{"footnotes":""},"categories":[479,17988,478],"tags":[],"class_list":["post-248038","post","type-post","status-publish","format-standard","has-post-thumbnail","","category-haberler-yerel","category-son-haberler","category-yerel"],"_links":{"self":[{"href":"https:\/\/archive.sana.sy\/tr\/index.php?rest_route=\/wp\/v2\/posts\/248038","targetHints":{"allow":["GET"]}}],"collection":[{"href":"https:\/\/archive.sana.sy\/tr\/index.php?rest_route=\/wp\/v2\/posts"}],"about":[{"href":"https:\/\/archive.sana.sy\/tr\/index.php?rest_route=\/wp\/v2\/types\/post"}],"author":[{"embeddable":true,"href":"https:\/\/archive.sana.sy\/tr\/index.php?rest_route=\/wp\/v2\/users\/1"}],"replies":[{"embeddable":true,"href":"https:\/\/archive.sana.sy\/tr\/index.php?rest_route=%2Fwp%2Fv2%2Fcomments&post=248038"}],"version-history":[{"count":0,"href":"https:\/\/archive.sana.sy\/tr\/index.php?rest_route=\/wp\/v2\/posts\/248038\/revisions"}],"wp:featuredmedia":[{"embeddable":true,"href":"https:\/\/archive.sana.sy\/tr\/index.php?rest_route=\/wp\/v2\/media\/248039"}],"wp:attachment":[{"href":"https:\/\/archive.sana.sy\/tr\/index.php?rest_route=%2Fwp%2Fv2%2Fmedia&parent=248038"}],"wp:term":[{"taxonomy":"category","embeddable":true,"href":"https:\/\/archive.sana.sy\/tr\/index.php?rest_route=%2Fwp%2Fv2%2Fcategories&post=248038"},{"taxonomy":"post_tag","embeddable":true,"href":"https:\/\/archive.sana.sy\/tr\/index.php?rest_route=%2Fwp%2Fv2%2Ftags&post=248038"}],"curies":[{"name":"wp","href":"https:\/\/api.w.org\/{rel}","templated":true}]}}