{"id":248042,"date":"2022-01-05T17:31:08","date_gmt":"2022-01-05T15:31:08","guid":{"rendered":"http:\/\/107.6.182.27\/tr\/?p=248042"},"modified":"2022-01-06T08:38:51","modified_gmt":"2022-01-06T06:38:51","slug":"hasekede-436-bin-hektar-bugday-ve-arpa-ekildi","status":"publish","type":"post","link":"https:\/\/archive.sana.sy\/tr\/?p=248042","title":{"rendered":"Haseke&#8217;de 436 Bin Hektar Bu\u011fday ve Arpa Ekildi"},"content":{"rendered":"<p>HASEKE \u2013 Haseke \u0130li&#8217;nde ya\u011f\u0131\u015fl\u0131 ve sulanan arazilerde bu\u011fday ve arpa ekilen alan, tar\u0131msal istikrar\u0131n \u00e7e\u015fitli alanlar\u0131na da\u011f\u0131lm\u0131\u015f 436 bin hektara ula\u015ft\u0131.<\/p>\n<p>\u00d6n\u00fcm\u00fczdeki birka\u00e7 g\u00fcn boyunca devam edecek olan iki stratejik \u00fcr\u00fcn\u00fcn ekim biti\u015f tarihinin yakla\u015fmas\u0131yla birlikte, mevcut sezonda ya\u011f\u0131\u015f olmamas\u0131 nedeniyle, ya\u011f\u0131\u015fl\u0131 alanlar i\u00e7in bu\u011fday ve arpa ekimi uygulama y\u00fczdeleri hala plan\u0131n alt\u0131nda.<\/p>\n<p>Tar\u0131m M\u00fcd\u00fcrl\u00fc\u011f\u00fc Bitkisel \u00dcretim Dairesi Ba\u015fkan\u0131 Celal Bilal, SANA Ekonomi B\u00fclteni&#8217;ne yapt\u0131\u011f\u0131 a\u00e7\u0131klamada, kalan k\u0131sa s\u00fcre boyunca iki \u00fcr\u00fcn\u00fc ekmek isteyen \u00e7ift\u00e7iler i\u00e7in hala bol zaman oldu\u011funu ve bunun ya\u011f\u0131\u015f ger\u00e7e\u011findeki bir iyile\u015fme ile ba\u011flant\u0131l\u0131 oldu\u011funu s\u00f6yledi.<\/p>\n<p>M\u00fchendis Bilal, \u00e7ift\u00e7iler taraf\u0131ndan ekilen alan\u0131n 80.400 hektarl\u0131k sulu bu\u011fday\u0131n da\u011f\u0131t\u0131ld\u0131\u011f\u0131na ve planlanan alan\u0131n y\u00fczde 73&#8217;l\u00fck bir uygulama oran\u0131na dikkat \u00e7ekti. Bilal, 193.350 hektar ya\u011fmurla beslenen bu\u011fday ve 151600 hektar ya\u011fmurla beslenen arpa oldu\u011funu da s\u00f6zlerine ekledi.<\/p>\n<p>P.M.<\/p>\n","protected":false},"excerpt":{"rendered":"<p>HASEKE \u2013 Haseke \u0130li&#8217;nde ya\u011f\u0131\u015fl\u0131 ve sulanan arazilerde bu\u011fday ve arpa ekilen alan, tar\u0131msal istikrar\u0131n \u00e7e\u015fitli alanlar\u0131na da\u011f\u0131lm\u0131\u015f 436 bin hektara ula\u015ft\u0131. \u00d6n\u00fcm\u00fczdeki birka\u00e7 g\u00fcn boyunca devam edecek olan iki stratejik \u00fcr\u00fcn\u00fcn ekim biti\u015f tarihinin yakla\u015fmas\u0131yla birlikte, mevcut sezonda ya\u011f\u0131\u015f olmamas\u0131 nedeniyle, ya\u011f\u0131\u015fl\u0131 alanlar i\u00e7in bu\u011fday ve arpa ekimi uygulama y\u00fczdeleri hala plan\u0131n alt\u0131nda. Tar\u0131m &hellip;<\/p>\n","protected":false},"author":1,"featured_media":248043,"comment_status":"closed","ping_status":"closed","sticky":false,"template":"","format":"standard","meta":{"footnotes":""},"categories":[485,486,479,17988,478],"tags":[],"class_list":["post-248042","post","type-post","status-publish","format-standard","has-post-thumbnail","","category-is-ve-sermaye","category-haberler-is-ve-sermaye","category-haberler-yerel","category-son-haberler","category-yerel"],"_links":{"self":[{"href":"https:\/\/archive.sana.sy\/tr\/index.php?rest_route=\/wp\/v2\/posts\/248042","targetHints":{"allow":["GET"]}}],"collection":[{"href":"https:\/\/archive.sana.sy\/tr\/index.php?rest_route=\/wp\/v2\/posts"}],"about":[{"href":"https:\/\/archive.sana.sy\/tr\/index.php?rest_route=\/wp\/v2\/types\/post"}],"author":[{"embeddable":true,"href":"https:\/\/archive.sana.sy\/tr\/index.php?rest_route=\/wp\/v2\/users\/1"}],"replies":[{"embeddable":true,"href":"https:\/\/archive.sana.sy\/tr\/index.php?rest_route=%2Fwp%2Fv2%2Fcomments&post=248042"}],"version-history":[{"count":0,"href":"https:\/\/archive.sana.sy\/tr\/index.php?rest_route=\/wp\/v2\/posts\/248042\/revisions"}],"wp:featuredmedia":[{"embeddable":true,"href":"https:\/\/archive.sana.sy\/tr\/index.php?rest_route=\/wp\/v2\/media\/248043"}],"wp:attachment":[{"href":"https:\/\/archive.sana.sy\/tr\/index.php?rest_route=%2Fwp%2Fv2%2Fmedia&parent=248042"}],"wp:term":[{"taxonomy":"category","embeddable":true,"href":"https:\/\/archive.sana.sy\/tr\/index.php?rest_route=%2Fwp%2Fv2%2Fcategories&post=248042"},{"taxonomy":"post_tag","embeddable":true,"href":"https:\/\/archive.sana.sy\/tr\/index.php?rest_route=%2Fwp%2Fv2%2Ftags&post=248042"}],"curies":[{"name":"wp","href":"https:\/\/api.w.org\/{rel}","templated":true}]}}