{"id":248069,"date":"2022-01-06T08:55:08","date_gmt":"2022-01-06T06:55:08","guid":{"rendered":"http:\/\/107.6.182.27\/tr\/?p=248069"},"modified":"2022-01-07T09:33:40","modified_gmt":"2022-01-07T07:33:40","slug":"yasadisi-amerikan-koalisyonu-deyrezzor-kirsalindaki-uslerinden-birinin-roketlerle-hedef-alindigini-ilan-etti","status":"publish","type":"post","link":"https:\/\/archive.sana.sy\/tr\/?p=248069","title":{"rendered":"Yasad\u0131\u015f\u0131 \u201cAmerikan Koalisyonu\u201d, Deyrezzor K\u0131rsal\u0131ndaki \u00dcslerinden Birinin Roketlerle Hedef Al\u0131nd\u0131\u011f\u0131n\u0131 \u0130lan Etti"},"content":{"rendered":"<p>DEYREZZOR \u2013 Washington liderli\u011findeki s\u00f6zde \u201cyasad\u0131\u015f\u0131 uluslararas\u0131 koalisyon\u201d, Deyrezzor k\u0131rsal\u0131ndaki askeri \u00fcslerinden birinin sekiz roketle hedef al\u0131nd\u0131\u011f\u0131n\u0131 ilan etti.<\/p>\n<p>Yasad\u0131\u015f\u0131 koalisyon yapt\u0131\u011f\u0131 a\u00e7\u0131klamada, ABD i\u015fgaline ba\u011fl\u0131 \u201cDSG\u201d milislerinin kontrol\u00fc alt\u0131ndaki s\u00f6zde \u201cYe\u015fil K\u00f6y\u201ddeki yasad\u0131\u015f\u0131 \u00fcss\u00fcn\u00fcn sekiz roket mermisiyle hedef al\u0131nd\u0131\u011f\u0131n\u0131 belirtti.<\/p>\n","protected":false},"excerpt":{"rendered":"<p>DEYREZZOR \u2013 Washington liderli\u011findeki s\u00f6zde \u201cyasad\u0131\u015f\u0131 uluslararas\u0131 koalisyon\u201d, Deyrezzor k\u0131rsal\u0131ndaki askeri \u00fcslerinden birinin sekiz roketle hedef al\u0131nd\u0131\u011f\u0131n\u0131 ilan etti. Yasad\u0131\u015f\u0131 koalisyon yapt\u0131\u011f\u0131 a\u00e7\u0131klamada, ABD i\u015fgaline ba\u011fl\u0131 \u201cDSG\u201d milislerinin kontrol\u00fc alt\u0131ndaki s\u00f6zde \u201cYe\u015fil K\u00f6y\u201ddeki yasad\u0131\u015f\u0131 \u00fcss\u00fcn\u00fcn sekiz roket mermisiyle hedef al\u0131nd\u0131\u011f\u0131n\u0131 belirtti.<\/p>\n","protected":false},"author":36,"featured_media":248070,"comment_status":"closed","ping_status":"closed","sticky":false,"template":"","format":"standard","meta":{"footnotes":""},"categories":[479,575,17988,478],"tags":[],"class_list":["post-248069","post","type-post","status-publish","format-standard","has-post-thumbnail","","category-haberler-yerel","category-olaylar-ve-gercekler","category-son-haberler","category-yerel"],"_links":{"self":[{"href":"https:\/\/archive.sana.sy\/tr\/index.php?rest_route=\/wp\/v2\/posts\/248069","targetHints":{"allow":["GET"]}}],"collection":[{"href":"https:\/\/archive.sana.sy\/tr\/index.php?rest_route=\/wp\/v2\/posts"}],"about":[{"href":"https:\/\/archive.sana.sy\/tr\/index.php?rest_route=\/wp\/v2\/types\/post"}],"author":[{"embeddable":true,"href":"https:\/\/archive.sana.sy\/tr\/index.php?rest_route=\/wp\/v2\/users\/36"}],"replies":[{"embeddable":true,"href":"https:\/\/archive.sana.sy\/tr\/index.php?rest_route=%2Fwp%2Fv2%2Fcomments&post=248069"}],"version-history":[{"count":0,"href":"https:\/\/archive.sana.sy\/tr\/index.php?rest_route=\/wp\/v2\/posts\/248069\/revisions"}],"wp:featuredmedia":[{"embeddable":true,"href":"https:\/\/archive.sana.sy\/tr\/index.php?rest_route=\/wp\/v2\/media\/248070"}],"wp:attachment":[{"href":"https:\/\/archive.sana.sy\/tr\/index.php?rest_route=%2Fwp%2Fv2%2Fmedia&parent=248069"}],"wp:term":[{"taxonomy":"category","embeddable":true,"href":"https:\/\/archive.sana.sy\/tr\/index.php?rest_route=%2Fwp%2Fv2%2Fcategories&post=248069"},{"taxonomy":"post_tag","embeddable":true,"href":"https:\/\/archive.sana.sy\/tr\/index.php?rest_route=%2Fwp%2Fv2%2Ftags&post=248069"}],"curies":[{"name":"wp","href":"https:\/\/api.w.org\/{rel}","templated":true}]}}