{"id":248086,"date":"2022-01-06T12:32:49","date_gmt":"2022-01-06T10:32:49","guid":{"rendered":"http:\/\/107.6.182.27\/tr\/?p=248086"},"modified":"2022-01-07T09:34:08","modified_gmt":"2022-01-07T07:34:08","slug":"hasekedeki-saldirida-dsg-milisleri-arasinda-yaralanmalar","status":"publish","type":"post","link":"https:\/\/archive.sana.sy\/tr\/?p=248086","title":{"rendered":"Haseke&#8217;deki Sald\u0131r\u0131da DSG Milisleri Aras\u0131nda Yaralanmalar"},"content":{"rendered":"<p>HASEKE \u2013 Haseke k\u0131rsal\u0131n\u0131n do\u011fusunda yer alan El Hol beldesinde halk gruplar\u0131n\u0131n kendilerini ta\u015f\u0131yan askeri bir arac\u0131n bomba d\u00fczene\u011fiyle hedef al\u0131nmas\u0131 sonucunda Amerikan i\u015fgal g\u00fc\u00e7lerine ba\u011fl\u0131 \u00e7ok say\u0131da DSG milisi yaraland\u0131.<\/p>\n<p>Yerel kaynaklar SANA muhabirine yapt\u0131\u011f\u0131 a\u00e7\u0131klamada, halk gruplar\u0131n\u0131n, Haseke k\u0131rsal\u0131n\u0131n do\u011fusunda yer alan El Hol b\u00f6lgesindeki Ti\u015frin petrol sahas\u0131n\u0131n yak\u0131n\u0131ndan ge\u00e7en &#8220;DSG&#8221; milislerine ait askeri bir arac\u0131, bomba d\u00fczene\u011fi ile hedef ald\u0131\u011f\u0131n\u0131 belirtti.<\/p>\n<p>Kaynaklar ayr\u0131ca, bunun sonucunda DSG milislerinden birka\u00e7 silahl\u0131n\u0131n yaraland\u0131\u011f\u0131n\u0131 ve araba tamamen imha edildi\u011fine i\u015faret etti.<\/p>\n<p>&nbsp;<\/p>\n","protected":false},"excerpt":{"rendered":"<p>HASEKE \u2013 Haseke k\u0131rsal\u0131n\u0131n do\u011fusunda yer alan El Hol beldesinde halk gruplar\u0131n\u0131n kendilerini ta\u015f\u0131yan askeri bir arac\u0131n bomba d\u00fczene\u011fiyle hedef al\u0131nmas\u0131 sonucunda Amerikan i\u015fgal g\u00fc\u00e7lerine ba\u011fl\u0131 \u00e7ok say\u0131da DSG milisi yaraland\u0131. Yerel kaynaklar SANA muhabirine yapt\u0131\u011f\u0131 a\u00e7\u0131klamada, halk gruplar\u0131n\u0131n, Haseke k\u0131rsal\u0131n\u0131n do\u011fusunda yer alan El Hol b\u00f6lgesindeki Ti\u015frin petrol sahas\u0131n\u0131n yak\u0131n\u0131ndan ge\u00e7en &#8220;DSG&#8221; milislerine ait &hellip;<\/p>\n","protected":false},"author":36,"featured_media":248087,"comment_status":"closed","ping_status":"closed","sticky":false,"template":"","format":"standard","meta":{"footnotes":""},"categories":[479,575,17988,478],"tags":[],"class_list":["post-248086","post","type-post","status-publish","format-standard","has-post-thumbnail","","category-haberler-yerel","category-olaylar-ve-gercekler","category-son-haberler","category-yerel"],"_links":{"self":[{"href":"https:\/\/archive.sana.sy\/tr\/index.php?rest_route=\/wp\/v2\/posts\/248086","targetHints":{"allow":["GET"]}}],"collection":[{"href":"https:\/\/archive.sana.sy\/tr\/index.php?rest_route=\/wp\/v2\/posts"}],"about":[{"href":"https:\/\/archive.sana.sy\/tr\/index.php?rest_route=\/wp\/v2\/types\/post"}],"author":[{"embeddable":true,"href":"https:\/\/archive.sana.sy\/tr\/index.php?rest_route=\/wp\/v2\/users\/36"}],"replies":[{"embeddable":true,"href":"https:\/\/archive.sana.sy\/tr\/index.php?rest_route=%2Fwp%2Fv2%2Fcomments&post=248086"}],"version-history":[{"count":0,"href":"https:\/\/archive.sana.sy\/tr\/index.php?rest_route=\/wp\/v2\/posts\/248086\/revisions"}],"wp:featuredmedia":[{"embeddable":true,"href":"https:\/\/archive.sana.sy\/tr\/index.php?rest_route=\/wp\/v2\/media\/248087"}],"wp:attachment":[{"href":"https:\/\/archive.sana.sy\/tr\/index.php?rest_route=%2Fwp%2Fv2%2Fmedia&parent=248086"}],"wp:term":[{"taxonomy":"category","embeddable":true,"href":"https:\/\/archive.sana.sy\/tr\/index.php?rest_route=%2Fwp%2Fv2%2Fcategories&post=248086"},{"taxonomy":"post_tag","embeddable":true,"href":"https:\/\/archive.sana.sy\/tr\/index.php?rest_route=%2Fwp%2Fv2%2Ftags&post=248086"}],"curies":[{"name":"wp","href":"https:\/\/api.w.org\/{rel}","templated":true}]}}