{"id":248089,"date":"2022-01-06T12:46:39","date_gmt":"2022-01-06T10:46:39","guid":{"rendered":"http:\/\/107.6.182.27\/tr\/?p=248089"},"modified":"2022-01-07T09:34:11","modified_gmt":"2022-01-07T07:34:11","slug":"haseke-kirsalindaki-dsg-milislerine-ait-cezaevlerinde-bir-gencin-iskence-sonucunda-hayatini-kaybetti","status":"publish","type":"post","link":"https:\/\/archive.sana.sy\/tr\/?p=248089","title":{"rendered":"Haseke K\u0131rsal\u0131nda \u201cDSG\u201d Milislerine Ait Cezaevlerinde Bir Gen\u00e7 \u0130\u015fkence Sonucunda Hayat\u0131n\u0131 Kaybetti"},"content":{"rendered":"<p>HASEKE &#8211; Haseke k\u0131rsal\u0131n\u0131n kuzeydo\u011fusunda yer alan El Yarubiye b\u00f6lgesindeki Tel Mi\u015fhen k\u00f6y\u00fcnde Amerikan i\u015fgaline ba\u011fl\u0131 \u201cDSG\u201d milisleri taraf\u0131ndan ka\u00e7\u0131r\u0131lan bir gen\u00e7, ka\u00e7\u0131r\u0131lanlar taraf\u0131ndan maruz kald\u0131\u011f\u0131 i\u015fkence ve a\u011f\u0131r ko\u015fullar sonucunda hayat\u0131n\u0131 kaybetti.<\/p>\n<p>El Yarubiye b\u00f6lgesindeki yerel kaynaklar SANA muhabirine yapt\u0131\u011f\u0131 a\u00e7\u0131klamada, \u201cDSG\u201d milislerinin cezaevlerinden birinde bir gencin \u00fc\u00e7 y\u0131l s\u00fcren ka\u00e7\u0131rma s\u00fcrecinde maruz kald\u0131\u011f\u0131 i\u015fkence sonucunda hayat\u0131n\u0131 kaybetti\u011fini belirtti.<\/p>\n<p>&nbsp;<\/p>\n","protected":false},"excerpt":{"rendered":"<p>HASEKE &#8211; Haseke k\u0131rsal\u0131n\u0131n kuzeydo\u011fusunda yer alan El Yarubiye b\u00f6lgesindeki Tel Mi\u015fhen k\u00f6y\u00fcnde Amerikan i\u015fgaline ba\u011fl\u0131 \u201cDSG\u201d milisleri taraf\u0131ndan ka\u00e7\u0131r\u0131lan bir gen\u00e7, ka\u00e7\u0131r\u0131lanlar taraf\u0131ndan maruz kald\u0131\u011f\u0131 i\u015fkence ve a\u011f\u0131r ko\u015fullar sonucunda hayat\u0131n\u0131 kaybetti. El Yarubiye b\u00f6lgesindeki yerel kaynaklar SANA muhabirine yapt\u0131\u011f\u0131 a\u00e7\u0131klamada, \u201cDSG\u201d milislerinin cezaevlerinden birinde bir gencin \u00fc\u00e7 y\u0131l s\u00fcren ka\u00e7\u0131rma s\u00fcrecinde maruz kald\u0131\u011f\u0131 &hellip;<\/p>\n","protected":false},"author":36,"featured_media":248090,"comment_status":"closed","ping_status":"closed","sticky":false,"template":"","format":"standard","meta":{"footnotes":""},"categories":[479,575,17988,478],"tags":[],"class_list":["post-248089","post","type-post","status-publish","format-standard","has-post-thumbnail","","category-haberler-yerel","category-olaylar-ve-gercekler","category-son-haberler","category-yerel"],"_links":{"self":[{"href":"https:\/\/archive.sana.sy\/tr\/index.php?rest_route=\/wp\/v2\/posts\/248089","targetHints":{"allow":["GET"]}}],"collection":[{"href":"https:\/\/archive.sana.sy\/tr\/index.php?rest_route=\/wp\/v2\/posts"}],"about":[{"href":"https:\/\/archive.sana.sy\/tr\/index.php?rest_route=\/wp\/v2\/types\/post"}],"author":[{"embeddable":true,"href":"https:\/\/archive.sana.sy\/tr\/index.php?rest_route=\/wp\/v2\/users\/36"}],"replies":[{"embeddable":true,"href":"https:\/\/archive.sana.sy\/tr\/index.php?rest_route=%2Fwp%2Fv2%2Fcomments&post=248089"}],"version-history":[{"count":0,"href":"https:\/\/archive.sana.sy\/tr\/index.php?rest_route=\/wp\/v2\/posts\/248089\/revisions"}],"wp:featuredmedia":[{"embeddable":true,"href":"https:\/\/archive.sana.sy\/tr\/index.php?rest_route=\/wp\/v2\/media\/248090"}],"wp:attachment":[{"href":"https:\/\/archive.sana.sy\/tr\/index.php?rest_route=%2Fwp%2Fv2%2Fmedia&parent=248089"}],"wp:term":[{"taxonomy":"category","embeddable":true,"href":"https:\/\/archive.sana.sy\/tr\/index.php?rest_route=%2Fwp%2Fv2%2Fcategories&post=248089"},{"taxonomy":"post_tag","embeddable":true,"href":"https:\/\/archive.sana.sy\/tr\/index.php?rest_route=%2Fwp%2Fv2%2Ftags&post=248089"}],"curies":[{"name":"wp","href":"https:\/\/api.w.org\/{rel}","templated":true}]}}