{"id":248093,"date":"2022-01-06T13:18:40","date_gmt":"2022-01-06T11:18:40","guid":{"rendered":"http:\/\/107.6.182.27\/tr\/?p=248093"},"modified":"2022-01-07T09:34:14","modified_gmt":"2022-01-07T07:34:14","slug":"turk-isgali-ve-cetelerinin-saldirilari-sonucunda-tel-temr-istasyonundaki-bakim-calismalari-durduruldu","status":"publish","type":"post","link":"https:\/\/archive.sana.sy\/tr\/?p=248093","title":{"rendered":"\u0130\u015fgalci T\u00fcrkiye ve Kiral\u0131klar\u0131n\u0131n Sald\u0131r\u0131lar\u0131 Sonucunda Tel Temr \u0130stasyonundaki Bak\u0131m \u00c7al\u0131\u015fmalar\u0131 Durduruldu"},"content":{"rendered":"<p>HASEKE \u2013 Haseke Genel Elektrik \u015eirketi\u2019nin at\u00f6lyeleri, Haseke k\u0131rsal\u0131ndaki Tel Temr elektrik nakil istasyonunun, i\u015fgalci T\u00fcrkiye ve ter\u00f6rist gruplardan olu\u015fan kiral\u0131klar\u0131n\u0131n b\u00f6lgeye top mermileriyle d\u00fczenledi\u011fini yo\u011fun sald\u0131r\u0131lar sonucunda onar\u0131m ve bak\u0131m \u00e7al\u0131\u015fmalar\u0131n\u0131 durdurdu.<\/p>\n<p>SANA muhabiri, i\u015fgalci T\u00fcrkiye g\u00fc\u00e7leri ve kiral\u0131klar\u0131n\u0131n Tel Temr k\u0131rsal\u0131ndaki \u00dcmm El Keyf k\u00f6y\u00fcn\u00fc top\u00e7u ate\u015fi ile hedef ald\u0131\u011f\u0131n\u0131 belirtirken, d\u00fcn i\u015fgalci T\u00fcrkiye&#8217;nin sald\u0131r\u0131lar\u0131 sonucunda \u015febekede olu\u015fan hasar\u0131 onarmaya \u00e7al\u0131\u015fan Genel Elektrik \u015eirketi\u2019nin bak\u0131m at\u00f6lyelerinin yak\u0131nlar\u0131na \u00e7ok say\u0131da top mermisinin indi\u011fine i\u015faret etti.<\/p>\n<p>Elektrik \u015eirketi Genel M\u00fcd\u00fcr\u00fc M\u00fch. Enver El Ukla SANA muhabirine yapt\u0131\u011f\u0131 a\u00e7\u0131klamada, at\u00f6lye personelinin iyi oldu\u011funu ve i\u015fgalci T\u00fcrkiye g\u00fc\u00e7lerinin sald\u0131r\u0131lar\u0131 sonucunda kimsenin yaralanmad\u0131\u011f\u0131n\u0131 belirtirken, b\u00f6lgeye d\u00fc\u015fen f\u00fczelerlin devam etmesi sonucunda at\u00f6lyelerin \u00e7al\u0131\u015fmay\u0131 durdurdu\u011funa dikkati \u00e7ekti.<\/p>\n","protected":false},"excerpt":{"rendered":"<p>HASEKE \u2013 Haseke Genel Elektrik \u015eirketi\u2019nin at\u00f6lyeleri, Haseke k\u0131rsal\u0131ndaki Tel Temr elektrik nakil istasyonunun, i\u015fgalci T\u00fcrkiye ve ter\u00f6rist gruplardan olu\u015fan kiral\u0131klar\u0131n\u0131n b\u00f6lgeye top mermileriyle d\u00fczenledi\u011fini yo\u011fun sald\u0131r\u0131lar sonucunda onar\u0131m ve bak\u0131m \u00e7al\u0131\u015fmalar\u0131n\u0131 durdurdu. SANA muhabiri, i\u015fgalci T\u00fcrkiye g\u00fc\u00e7leri ve kiral\u0131klar\u0131n\u0131n Tel Temr k\u0131rsal\u0131ndaki \u00dcmm El Keyf k\u00f6y\u00fcn\u00fc top\u00e7u ate\u015fi ile hedef ald\u0131\u011f\u0131n\u0131 belirtirken, d\u00fcn i\u015fgalci &hellip;<\/p>\n","protected":false},"author":36,"featured_media":248094,"comment_status":"closed","ping_status":"closed","sticky":false,"template":"","format":"standard","meta":{"footnotes":""},"categories":[479,575,17988,478],"tags":[],"class_list":["post-248093","post","type-post","status-publish","format-standard","has-post-thumbnail","","category-haberler-yerel","category-olaylar-ve-gercekler","category-son-haberler","category-yerel"],"_links":{"self":[{"href":"https:\/\/archive.sana.sy\/tr\/index.php?rest_route=\/wp\/v2\/posts\/248093","targetHints":{"allow":["GET"]}}],"collection":[{"href":"https:\/\/archive.sana.sy\/tr\/index.php?rest_route=\/wp\/v2\/posts"}],"about":[{"href":"https:\/\/archive.sana.sy\/tr\/index.php?rest_route=\/wp\/v2\/types\/post"}],"author":[{"embeddable":true,"href":"https:\/\/archive.sana.sy\/tr\/index.php?rest_route=\/wp\/v2\/users\/36"}],"replies":[{"embeddable":true,"href":"https:\/\/archive.sana.sy\/tr\/index.php?rest_route=%2Fwp%2Fv2%2Fcomments&post=248093"}],"version-history":[{"count":0,"href":"https:\/\/archive.sana.sy\/tr\/index.php?rest_route=\/wp\/v2\/posts\/248093\/revisions"}],"wp:featuredmedia":[{"embeddable":true,"href":"https:\/\/archive.sana.sy\/tr\/index.php?rest_route=\/wp\/v2\/media\/248094"}],"wp:attachment":[{"href":"https:\/\/archive.sana.sy\/tr\/index.php?rest_route=%2Fwp%2Fv2%2Fmedia&parent=248093"}],"wp:term":[{"taxonomy":"category","embeddable":true,"href":"https:\/\/archive.sana.sy\/tr\/index.php?rest_route=%2Fwp%2Fv2%2Fcategories&post=248093"},{"taxonomy":"post_tag","embeddable":true,"href":"https:\/\/archive.sana.sy\/tr\/index.php?rest_route=%2Fwp%2Fv2%2Ftags&post=248093"}],"curies":[{"name":"wp","href":"https:\/\/api.w.org\/{rel}","templated":true}]}}