{"id":248120,"date":"2022-01-06T18:18:03","date_gmt":"2022-01-06T16:18:03","guid":{"rendered":"http:\/\/107.6.182.27\/tr\/?p=248120"},"modified":"2022-01-07T09:32:59","modified_gmt":"2022-01-07T07:32:59","slug":"bagimsiz-devletler-toplulugu-terorle-mucadelede-kazakistana-yardim-etmeye-hazir-oldugunu-ifade-etti","status":"publish","type":"post","link":"https:\/\/archive.sana.sy\/tr\/?p=248120","title":{"rendered":"Ba\u011f\u0131ms\u0131z Devletler Toplulu\u011fu, Ter\u00f6rle M\u00fccadelede Kazakistan&#8217;a Yard\u0131m Etmeye Haz\u0131r Oldu\u011funu \u0130fade Etti"},"content":{"rendered":"<p style=\"text-align: justify;\">MOSKOVA \u2013 BDT Ter\u00f6rle M\u00fccadele Merkezi, ter\u00f6rist ve a\u015f\u0131r\u0131l\u0131k\u00e7\u0131 nitelikteki tehlikeleri etkisiz hale getirmek i\u00e7in Kazakistan&#8217;\u0131n yetkili makamlar\u0131na tam yard\u0131m ve destek sa\u011flamaya haz\u0131r oldu\u011funu teyit etti.<\/p>\n<p style=\"text-align: justify;\">BDT Ter\u00f6rle M\u00fccadele Merkezi&#8217;nin bas\u0131n ofisi taraf\u0131ndan bug\u00fcn yap\u0131lan a\u00e7\u0131klamada, Kazakistan&#8217;da ortaya \u00e7\u0131kan durumla ilgili endi\u015feler dile geti<\/p>\n","protected":false},"excerpt":{"rendered":"<p>MOSKOVA \u2013 BDT Ter\u00f6rle M\u00fccadele Merkezi, ter\u00f6rist ve a\u015f\u0131r\u0131l\u0131k\u00e7\u0131 nitelikteki tehlikeleri etkisiz hale getirmek i\u00e7in Kazakistan&#8217;\u0131n yetkili makamlar\u0131na tam yard\u0131m ve destek sa\u011flamaya haz\u0131r oldu\u011funu teyit etti. BDT Ter\u00f6rle M\u00fccadele Merkezi&#8217;nin bas\u0131n ofisi taraf\u0131ndan bug\u00fcn yap\u0131lan a\u00e7\u0131klamada, Kazakistan&#8217;da ortaya \u00e7\u0131kan durumla ilgili endi\u015feler dile geti<\/p>\n","protected":false},"author":1,"featured_media":248121,"comment_status":"closed","ping_status":"closed","sticky":false,"template":"","format":"standard","meta":{"footnotes":""},"categories":[458,459,17988],"tags":[],"class_list":["post-248120","post","type-post","status-publish","format-standard","has-post-thumbnail","","category-dunya1","category-haberler-arap-uluslararasi-politika","category-son-haberler"],"_links":{"self":[{"href":"https:\/\/archive.sana.sy\/tr\/index.php?rest_route=\/wp\/v2\/posts\/248120","targetHints":{"allow":["GET"]}}],"collection":[{"href":"https:\/\/archive.sana.sy\/tr\/index.php?rest_route=\/wp\/v2\/posts"}],"about":[{"href":"https:\/\/archive.sana.sy\/tr\/index.php?rest_route=\/wp\/v2\/types\/post"}],"author":[{"embeddable":true,"href":"https:\/\/archive.sana.sy\/tr\/index.php?rest_route=\/wp\/v2\/users\/1"}],"replies":[{"embeddable":true,"href":"https:\/\/archive.sana.sy\/tr\/index.php?rest_route=%2Fwp%2Fv2%2Fcomments&post=248120"}],"version-history":[{"count":0,"href":"https:\/\/archive.sana.sy\/tr\/index.php?rest_route=\/wp\/v2\/posts\/248120\/revisions"}],"wp:featuredmedia":[{"embeddable":true,"href":"https:\/\/archive.sana.sy\/tr\/index.php?rest_route=\/wp\/v2\/media\/248121"}],"wp:attachment":[{"href":"https:\/\/archive.sana.sy\/tr\/index.php?rest_route=%2Fwp%2Fv2%2Fmedia&parent=248120"}],"wp:term":[{"taxonomy":"category","embeddable":true,"href":"https:\/\/archive.sana.sy\/tr\/index.php?rest_route=%2Fwp%2Fv2%2Fcategories&post=248120"},{"taxonomy":"post_tag","embeddable":true,"href":"https:\/\/archive.sana.sy\/tr\/index.php?rest_route=%2Fwp%2Fv2%2Ftags&post=248120"}],"curies":[{"name":"wp","href":"https:\/\/api.w.org\/{rel}","templated":true}]}}