{"id":248140,"date":"2022-01-07T18:39:52","date_gmt":"2022-01-07T16:39:52","guid":{"rendered":"http:\/\/107.6.182.27\/tr\/?p=248140"},"modified":"2022-01-08T09:00:47","modified_gmt":"2022-01-08T07:00:47","slug":"hama-kirsalinda-teroristlerin-artiklarindan-bomba-duzenegi-patladi-iki-sivil-hayatini-kaybetti","status":"publish","type":"post","link":"https:\/\/archive.sana.sy\/tr\/?p=248140","title":{"rendered":"Hama K\u0131rsal\u0131nda Ter\u00f6ristlerin Art\u0131klar\u0131ndan Bomba D\u00fczene\u011fi Patlad\u0131 \u0130ki Sivil Hayat\u0131n\u0131 Kaybetti"},"content":{"rendered":"<p style=\"text-align: justify;\">HAMA &#8211; Hama&#8217;n\u0131n kuzeyindeki T\u0131bet el \u0130mam beldesinde ter\u00f6ristlerin art\u0131klar\u0131ndan bir bomba d\u00fczene\u011finin infilak etmesi sonucu iki sivil hayat\u0131n\u0131 kaybetti, bir sivil de yaraland\u0131.<\/p>\n<p style=\"text-align: justify;\">Hama \u0130l Emniyet M\u00fcd\u00fcrl\u00fc\u011f\u00fcnden bir kaynak SANA&#8217;ya verdi\u011fi deme\u00e7te, &#8220;T\u0131ybet el \u0130mam beldesindeki bir hurdal\u0131kta ter\u00f6ristler taraf\u0131ndan b\u0131rak\u0131lan bir patlay\u0131c\u0131n\u0131n infilak etmesi sonucu iki sivilin \u00f6l\u00fcm\u00fcne, bir ki\u015finin yaralanmas\u0131na ve depoda maddi hasara yol a\u00e7t\u0131&#8221; dedi.<\/p>\n<p style=\"text-align: justify;\">Ter\u00f6r \u00f6rg\u00fctleri bu b\u00f6lgelerden \u00e7\u0131kmadan \u00f6nce, ter\u00f6rden kurtar\u0131ld\u0131ktan sonra b\u00f6lgelerine d\u00f6nen insanlar\u0131 en b\u00fcy\u00fck zarara u\u011fratmak i\u00e7in yay\u0131ld\u0131klar\u0131 yerlere may\u0131n ve patlay\u0131c\u0131lar yerle\u015ftirmi\u015f, k\u00f6y ve beldelerdeki tar\u0131m arazilerinde saklam\u0131\u015ft\u0131r.<\/p>\n","protected":false},"excerpt":{"rendered":"<p>HAMA &#8211; Hama&#8217;n\u0131n kuzeyindeki T\u0131bet el \u0130mam beldesinde ter\u00f6ristlerin art\u0131klar\u0131ndan bir bomba d\u00fczene\u011finin infilak etmesi sonucu iki sivil hayat\u0131n\u0131 kaybetti, bir sivil de yaraland\u0131. Hama \u0130l Emniyet M\u00fcd\u00fcrl\u00fc\u011f\u00fcnden bir kaynak SANA&#8217;ya verdi\u011fi deme\u00e7te, &#8220;T\u0131ybet el \u0130mam beldesindeki bir hurdal\u0131kta ter\u00f6ristler taraf\u0131ndan b\u0131rak\u0131lan bir patlay\u0131c\u0131n\u0131n infilak etmesi sonucu iki sivilin \u00f6l\u00fcm\u00fcne, bir ki\u015finin yaralanmas\u0131na ve depoda &hellip;<\/p>\n","protected":false},"author":1,"featured_media":248141,"comment_status":"closed","ping_status":"closed","sticky":false,"template":"","format":"standard","meta":{"footnotes":""},"categories":[479,575,17988,478],"tags":[],"class_list":["post-248140","post","type-post","status-publish","format-standard","has-post-thumbnail","","category-haberler-yerel","category-olaylar-ve-gercekler","category-son-haberler","category-yerel"],"_links":{"self":[{"href":"https:\/\/archive.sana.sy\/tr\/index.php?rest_route=\/wp\/v2\/posts\/248140","targetHints":{"allow":["GET"]}}],"collection":[{"href":"https:\/\/archive.sana.sy\/tr\/index.php?rest_route=\/wp\/v2\/posts"}],"about":[{"href":"https:\/\/archive.sana.sy\/tr\/index.php?rest_route=\/wp\/v2\/types\/post"}],"author":[{"embeddable":true,"href":"https:\/\/archive.sana.sy\/tr\/index.php?rest_route=\/wp\/v2\/users\/1"}],"replies":[{"embeddable":true,"href":"https:\/\/archive.sana.sy\/tr\/index.php?rest_route=%2Fwp%2Fv2%2Fcomments&post=248140"}],"version-history":[{"count":0,"href":"https:\/\/archive.sana.sy\/tr\/index.php?rest_route=\/wp\/v2\/posts\/248140\/revisions"}],"wp:featuredmedia":[{"embeddable":true,"href":"https:\/\/archive.sana.sy\/tr\/index.php?rest_route=\/wp\/v2\/media\/248141"}],"wp:attachment":[{"href":"https:\/\/archive.sana.sy\/tr\/index.php?rest_route=%2Fwp%2Fv2%2Fmedia&parent=248140"}],"wp:term":[{"taxonomy":"category","embeddable":true,"href":"https:\/\/archive.sana.sy\/tr\/index.php?rest_route=%2Fwp%2Fv2%2Fcategories&post=248140"},{"taxonomy":"post_tag","embeddable":true,"href":"https:\/\/archive.sana.sy\/tr\/index.php?rest_route=%2Fwp%2Fv2%2Ftags&post=248140"}],"curies":[{"name":"wp","href":"https:\/\/api.w.org\/{rel}","templated":true}]}}