{"id":248146,"date":"2022-01-07T19:21:53","date_gmt":"2022-01-07T17:21:53","guid":{"rendered":"http:\/\/107.6.182.27\/tr\/?p=248146"},"modified":"2022-01-08T11:59:18","modified_gmt":"2022-01-08T09:59:18","slug":"zabadanide-sivil-inisiyatifle-900-adet-urun-veren-fidan-dikimi","status":"publish","type":"post","link":"https:\/\/archive.sana.sy\/tr\/?p=248146","title":{"rendered":"Zabadani&#8217;de Sivil \u0130nisiyatifle 900 Adet \u00dcr\u00fcn Veren Fidan Dikimi"},"content":{"rendered":"<p style=\"text-align: justify;\">\u015eAM KIRSALI &#8211; Bug\u00fcn sivil ve halk faaliyetleri, \u015eam k\u0131rsal\u0131ndaki Zabadani&#8217;de aralar\u0131nda zeytin ve di\u011fer \u00fcr\u00fcn veren a\u011fa\u00e7lardan olu\u015fan 900 adet fidan dikimi ger\u00e7ekle\u015ftirdi.<\/p>\n<p style=\"text-align: justify;\"><a href=\"http:\/\/107.6.182.27\/tr\/wp-content\/uploads\/2022\/01\/6-3.jpg\"><img loading=\"lazy\" decoding=\"async\" class=\"size-medium wp-image-248149 alignright\" src=\"http:\/\/107.6.182.27\/tr\/wp-content\/uploads\/2022\/01\/6-3-300x200.jpg\" alt=\"\" width=\"300\" height=\"200\" srcset=\"https:\/\/archive.sana.sy\/tr\/wp-content\/uploads\/2022\/01\/6-3-300x200.jpg 300w, https:\/\/archive.sana.sy\/tr\/wp-content\/uploads\/2022\/01\/6-3-150x100.jpg 150w, https:\/\/archive.sana.sy\/tr\/wp-content\/uploads\/2022\/01\/6-3.jpg 660w\" sizes=\"auto, (max-width: 300px) 100vw, 300px\" \/><\/a>SANA&#8217;n\u0131n dikim \u00e7al\u0131\u015fmalar\u0131n\u0131 takip etmesi s\u0131ras\u0131nda Ceramana&#8217;dan gelen Majid Sellum, kampanyaya kat\u0131lmak i\u00e7in y\u00f6re halk\u0131yla birlikte zeytin a\u011fac\u0131 dikmeyi tercih ettiklerini, \u00e7\u00fcnk\u00fc kal\u0131c\u0131l\u0131k ve ye\u015fillikle bilindi\u011fini anlatarak, projenin kal\u0131c\u0131 ve ye\u015fil bir alan oldu\u011funu belirterek, projenin hay\u0131r i\u00e7erikli \u00f6zelli\u011fe sahip oldu\u011funu, \u00fcr\u00fcnlerin ihtiya\u00e7 sahibi ailelere da\u011f\u0131t\u0131laca\u011f\u0131na dikkat \u00e7ekti.<\/p>\n<p style=\"text-align: justify;\">Gen\u00e7 \u015eadi Bereket, \u00f6zellikle ge\u00e7ti\u011fimiz y\u0131llarda bir\u00e7ok arazinin b\u00fcy\u00fck ye\u015fil alanlar\u0131n kayb\u0131na yol a\u00e7an yang\u0131nlara maruz kalmas\u0131 \u0131\u015f\u0131\u011f\u0131nda, gen\u00e7leri \u00e7evreyi ve bitki \u00f6rt\u00fcs\u00fcn\u00fc korumak i\u00e7in sivil ve toplumsal giri\u015fimlerde bulunmaya te\u015fvik etme gere\u011fini vurgulad\u0131.<\/p>\n<p style=\"text-align: justify;\">Kampanyaya \u00e7ocu\u011fuyla birlikte kat\u0131lan Muvaffak Abu \u015ea\u015f, \u00e7ocu\u011funa a\u011fa\u00e7 dikmenin \u00f6nemini ve gereklili\u011fini \u00f6\u011fretmek i\u00e7in kampanyaya kat\u0131ld\u0131\u011f\u0131n\u0131, Rafet bereket ise kampanyan\u0131n \u00fcretme ve g\u00fczellik sembol\u00fc olarak \u00f6nemi konusunda fark\u0131ndal\u0131k yaratmay\u0131 ama\u00e7lad\u0131\u011f\u0131n\u0131 belirtti.<\/p>\n<p style=\"text-align: justify;\"><a href=\"http:\/\/107.6.182.27\/tr\/wp-content\/uploads\/2022\/01\/7-3.jpg\"><img loading=\"lazy\" decoding=\"async\" class=\"size-medium wp-image-248151 alignright\" src=\"http:\/\/107.6.182.27\/tr\/wp-content\/uploads\/2022\/01\/7-3-300x184.jpg\" alt=\"\" width=\"300\" height=\"184\" srcset=\"https:\/\/archive.sana.sy\/tr\/wp-content\/uploads\/2022\/01\/7-3-300x184.jpg 300w, https:\/\/archive.sana.sy\/tr\/wp-content\/uploads\/2022\/01\/7-3-150x92.jpg 150w, https:\/\/archive.sana.sy\/tr\/wp-content\/uploads\/2022\/01\/7-3.jpg 660w\" sizes=\"auto, (max-width: 300px) 100vw, 300px\" \/><\/a>Kendi y\u00f6n\u00fcnden Suriye Bisiklet Kul\u00fcb\u00fc ba\u015fkan\u0131 Samir \u00a0El Avvam, bir turizm merkezi olmas\u0131 ve \u00e7ok say\u0131da ziyaret\u00e7i taraf\u0131ndan ziyaret edilmesi nedeniyle b\u00f6lgenin g\u00fczelle\u015ftirilmesindeki \u00f6nemi nedeniyle kampanyaya kat\u0131ld\u0131\u011f\u0131n\u0131 belirtti.<\/p>\n<p style=\"text-align: justify;\">Tar\u0131m Bakanl\u0131\u011f\u0131nda Bitkileri Koruma M\u00fcd\u00fcr Yard\u0131mc\u0131s\u0131 M\u00fchendis Hazim Al Zeyla, bakanl\u0131\u011f\u0131n bu kampanyalardaki rol\u00fcn\u00fcn, \u00f6zellikle \u00e7ukurun derinli\u011fi ve a\u011fac\u0131n taban\u0131n\u0131n \u00e7evresi ile ilgili olarak, a\u011fac\u0131n dikilmesini teknik a\u00e7\u0131dan denetlemek oldu\u011funu a\u00e7\u0131klad\u0131.<\/p>\n","protected":false},"excerpt":{"rendered":"<p>\u015eAM KIRSALI &#8211; Bug\u00fcn sivil ve halk faaliyetleri, \u015eam k\u0131rsal\u0131ndaki Zabadani&#8217;de aralar\u0131nda zeytin ve di\u011fer \u00fcr\u00fcn veren a\u011fa\u00e7lardan olu\u015fan 900 adet fidan dikimi ger\u00e7ekle\u015ftirdi. SANA&#8217;n\u0131n dikim \u00e7al\u0131\u015fmalar\u0131n\u0131 takip etmesi s\u0131ras\u0131nda Ceramana&#8217;dan gelen Majid Sellum, kampanyaya kat\u0131lmak i\u00e7in y\u00f6re halk\u0131yla birlikte zeytin a\u011fac\u0131 dikmeyi tercih ettiklerini, \u00e7\u00fcnk\u00fc kal\u0131c\u0131l\u0131k ve ye\u015fillikle bilindi\u011fini anlatarak, projenin kal\u0131c\u0131 ve ye\u015fil &hellip;<\/p>\n","protected":false},"author":1,"featured_media":248147,"comment_status":"closed","ping_status":"closed","sticky":false,"template":"","format":"standard","meta":{"footnotes":""},"categories":[526,479,17988,525,478],"tags":[],"class_list":["post-248146","post","type-post","status-publish","format-standard","has-post-thumbnail","","category-haber-ve-raporlar","category-haberler-yerel","category-son-haberler","category-toplum","category-yerel"],"_links":{"self":[{"href":"https:\/\/archive.sana.sy\/tr\/index.php?rest_route=\/wp\/v2\/posts\/248146","targetHints":{"allow":["GET"]}}],"collection":[{"href":"https:\/\/archive.sana.sy\/tr\/index.php?rest_route=\/wp\/v2\/posts"}],"about":[{"href":"https:\/\/archive.sana.sy\/tr\/index.php?rest_route=\/wp\/v2\/types\/post"}],"author":[{"embeddable":true,"href":"https:\/\/archive.sana.sy\/tr\/index.php?rest_route=\/wp\/v2\/users\/1"}],"replies":[{"embeddable":true,"href":"https:\/\/archive.sana.sy\/tr\/index.php?rest_route=%2Fwp%2Fv2%2Fcomments&post=248146"}],"version-history":[{"count":0,"href":"https:\/\/archive.sana.sy\/tr\/index.php?rest_route=\/wp\/v2\/posts\/248146\/revisions"}],"wp:featuredmedia":[{"embeddable":true,"href":"https:\/\/archive.sana.sy\/tr\/index.php?rest_route=\/wp\/v2\/media\/248147"}],"wp:attachment":[{"href":"https:\/\/archive.sana.sy\/tr\/index.php?rest_route=%2Fwp%2Fv2%2Fmedia&parent=248146"}],"wp:term":[{"taxonomy":"category","embeddable":true,"href":"https:\/\/archive.sana.sy\/tr\/index.php?rest_route=%2Fwp%2Fv2%2Fcategories&post=248146"},{"taxonomy":"post_tag","embeddable":true,"href":"https:\/\/archive.sana.sy\/tr\/index.php?rest_route=%2Fwp%2Fv2%2Ftags&post=248146"}],"curies":[{"name":"wp","href":"https:\/\/api.w.org\/{rel}","templated":true}]}}