{"id":248153,"date":"2022-01-07T19:26:14","date_gmt":"2022-01-07T17:26:14","guid":{"rendered":"http:\/\/107.6.182.27\/tr\/?p=248153"},"modified":"2022-01-09T08:08:57","modified_gmt":"2022-01-09T06:08:57","slug":"haseke-kirsalinda-dsg-milisleri-yarubiyyeden-bazi-gencleri-kacirdi","status":"publish","type":"post","link":"https:\/\/archive.sana.sy\/tr\/?p=248153","title":{"rendered":"Haseke K\u0131rsal\u0131nda DSG Milisleri Yarubiyye&#8217;den Baz\u0131 Gen\u00e7leri Ka\u00e7\u0131rd\u0131"},"content":{"rendered":"<p style=\"text-align: justify;\">HASEKE &#8211; Amerikan i\u015fgal g\u00fc\u00e7lerine ba\u011fl\u0131 &#8220;DSG&#8221; milisleri, Haseke k\u0131rsal\u0131ndaki Al Yarubiyye b\u00f6lgesindeki Abu Munasib ve Al Ta\u015f k\u00f6ylerinden baz\u0131 gen\u00e7leri ka\u00e7\u0131rarak bilinmeyen bir yere g\u00f6t\u00fcrd\u00fc.<\/p>\n<p style=\"text-align: justify;\">Yarubiyye k\u0131rsal\u0131ndan yerel kaynaklar SANA muhabirine verdi\u011fi deme\u00e7te, &#8220;DSG&#8221; milislerine ba\u011fl\u0131 silahl\u0131 gruplar\u0131n Yarubiyye&#8217;nin bat\u0131s\u0131ndaki Al Ta\u015f ve Abu Muas\u0131b k\u00f6ylerinde birka\u00e7 eve bask\u0131n d\u00fczenledi\u011fini ve birka\u00e7 genci ka\u00e7\u0131r\u0131p onlar\u0131 bilinmeyen bir yere g\u00f6t\u00fcrd\u00fc\u011f\u00fcn\u00fc s\u00f6yledi.<\/p>\n<p style=\"text-align: justify;\">Kaynaklar, bask\u0131n s\u0131ras\u0131nda milislerin baz\u0131 evlerin kap\u0131lar\u0131n\u0131 s\u00f6k\u00fcp, aranan ki\u015fileri aramak bahanesiyle i\u00e7indeki e\u015fyalar\u0131 sabote ettiklerini belirtti.<\/p>\n","protected":false},"excerpt":{"rendered":"<p>HASEKE &#8211; Amerikan i\u015fgal g\u00fc\u00e7lerine ba\u011fl\u0131 &#8220;DSG&#8221; milisleri, Haseke k\u0131rsal\u0131ndaki Al Yarubiyye b\u00f6lgesindeki Abu Munasib ve Al Ta\u015f k\u00f6ylerinden baz\u0131 gen\u00e7leri ka\u00e7\u0131rarak bilinmeyen bir yere g\u00f6t\u00fcrd\u00fc. Yarubiyye k\u0131rsal\u0131ndan yerel kaynaklar SANA muhabirine verdi\u011fi deme\u00e7te, &#8220;DSG&#8221; milislerine ba\u011fl\u0131 silahl\u0131 gruplar\u0131n Yarubiyye&#8217;nin bat\u0131s\u0131ndaki Al Ta\u015f ve Abu Muas\u0131b k\u00f6ylerinde birka\u00e7 eve bask\u0131n d\u00fczenledi\u011fini ve birka\u00e7 genci ka\u00e7\u0131r\u0131p &hellip;<\/p>\n","protected":false},"author":1,"featured_media":248154,"comment_status":"closed","ping_status":"closed","sticky":false,"template":"","format":"standard","meta":{"footnotes":""},"categories":[479,575,17988,478],"tags":[],"class_list":["post-248153","post","type-post","status-publish","format-standard","has-post-thumbnail","","category-haberler-yerel","category-olaylar-ve-gercekler","category-son-haberler","category-yerel"],"_links":{"self":[{"href":"https:\/\/archive.sana.sy\/tr\/index.php?rest_route=\/wp\/v2\/posts\/248153","targetHints":{"allow":["GET"]}}],"collection":[{"href":"https:\/\/archive.sana.sy\/tr\/index.php?rest_route=\/wp\/v2\/posts"}],"about":[{"href":"https:\/\/archive.sana.sy\/tr\/index.php?rest_route=\/wp\/v2\/types\/post"}],"author":[{"embeddable":true,"href":"https:\/\/archive.sana.sy\/tr\/index.php?rest_route=\/wp\/v2\/users\/1"}],"replies":[{"embeddable":true,"href":"https:\/\/archive.sana.sy\/tr\/index.php?rest_route=%2Fwp%2Fv2%2Fcomments&post=248153"}],"version-history":[{"count":0,"href":"https:\/\/archive.sana.sy\/tr\/index.php?rest_route=\/wp\/v2\/posts\/248153\/revisions"}],"wp:featuredmedia":[{"embeddable":true,"href":"https:\/\/archive.sana.sy\/tr\/index.php?rest_route=\/wp\/v2\/media\/248154"}],"wp:attachment":[{"href":"https:\/\/archive.sana.sy\/tr\/index.php?rest_route=%2Fwp%2Fv2%2Fmedia&parent=248153"}],"wp:term":[{"taxonomy":"category","embeddable":true,"href":"https:\/\/archive.sana.sy\/tr\/index.php?rest_route=%2Fwp%2Fv2%2Fcategories&post=248153"},{"taxonomy":"post_tag","embeddable":true,"href":"https:\/\/archive.sana.sy\/tr\/index.php?rest_route=%2Fwp%2Fv2%2Ftags&post=248153"}],"curies":[{"name":"wp","href":"https:\/\/api.w.org\/{rel}","templated":true}]}}