{"id":248156,"date":"2022-01-07T19:31:03","date_gmt":"2022-01-07T17:31:03","guid":{"rendered":"http:\/\/107.6.182.27\/tr\/?p=248156"},"modified":"2022-01-14T11:09:39","modified_gmt":"2022-01-14T09:09:39","slug":"samdaki-rus-kilisesi-temsilciligi-noeli-ilahi-ayinle-kutladi","status":"publish","type":"post","link":"https:\/\/archive.sana.sy\/tr\/?p=248156","title":{"rendered":"\u015eam&#8217;daki Rus Kilisesi Temsilcili\u011fi Noel&#8217;i \u0130lahi Ayinle Kutlad\u0131"},"content":{"rendered":"<p style=\"text-align: justify;\">\u015eAM &#8211; \u015eam&#8217;daki Rus Kilisesi&#8217;nin temsilcisi olan \u201cAntakyal\u0131 Aziz Ignatius Kilisesi\u201d Noel&#8217;i kutlamak i\u00e7in ilahi bir ayin d\u00fczenledi.<\/p>\n<p style=\"text-align: justify;\">Ayine, Antakya ve t\u00fcm Do\u011fu Rum Ortodoks Patrikhanesi&#8217;nin Patriklik Ba\u015fkan Yard\u0131mc\u0131s\u0131, Ba\u015fpiskopos Musa el Huri ba\u015fkanl\u0131k etti, Moskova Patri\u011fi ve T\u00fcm Rusya&#8217;n\u0131n Antakya Patrikli\u011fi ve T\u00fcm Rusya&#8217;n\u0131n temsilcisi Ar\u015fimendrit Arsani Sokolov ile baz\u0131 kahinler ve Kilise korosu taraf\u0131ndan yard\u0131m edildi.<\/p>\n<p style=\"text-align: justify;\">Patriklik Yard\u0131mc\u0131s\u0131 Huri, bayram vaaz\u0131nda, sevgi ve bar\u0131\u015f\u0131n el\u00e7isi Hz. \u0130sa&#8217;n\u0131n do\u011fumunun y\u00fcce anlamlar\u0131ndan bahsederek, Suriye ve Rusya&#8217;daki Ortodoks Kilisesi&#8217;nin 1035 y\u0131ld\u0131r tek bir kilise oldu\u011funa dikkat \u00e7ekti ve Rusya&#8217;n\u0131n deste\u011fini takdirle kar\u015f\u0131lad\u0131klar\u0131n\u0131 ifade ederken, Rusya&#8217;n\u0131n h\u00fck\u00fcmet, liderlik ve halk olarak, ter\u00f6r sava\u015f\u0131 ve \u00fclke genelinde g\u00fcvenlik ve istikrar\u0131n geri d\u00f6n\u00fc\u015f\u00fc kar\u015f\u0131s\u0131nda Suriye halk\u0131n\u0131n yan\u0131nda durdu\u011funu vurgulad\u0131.<\/p>\n<p style=\"text-align: justify;\">Huri vaaz\u0131n\u0131, Suriye ve Rusya&#8217;daki iki dost liderli\u011fi ve halk\u0131 korumas\u0131 ve korumas\u0131 i\u00e7in Y\u00fcce Allah&#8217;a dua ederek bitirdi.<\/p>\n<p style=\"text-align: justify;\">Ard\u0131ndan Ortodoks Kilisesi Piskoposu ve Moskova ve T\u00fcm Rusya Patri\u011fi Patrik Kirill&#8217;den Suriye halk\u0131na ve Suriye&#8217;deki Rus toplumu mensuplar\u0131na bayram i\u00e7in bir tebrik mesaj\u0131 okundu.<\/p>\n<p style=\"text-align: justify;\">T\u00f6rene \u015eam&#8217;da ya\u015fayan Rus ailelerinden \u00e7ok say\u0131da ki\u015fi, Rus silahl\u0131 kuvvetleri mensuplar\u0131 ve \u00e7ok say\u0131da din adam\u0131 kat\u0131ld\u0131.<\/p>\n<p style=\"text-align: justify;\">Ortodoks H\u0131ristiyanlar Noel&#8217;i J\u00fclyen takvimine g\u00f6re, Gregoryen takvimini kullananlardan 13 g\u00fcn sonra, 7 Ocak&#8217;ta kutlarlar ve bunun \u00f6ncesinde 28 Kas\u0131m&#8217;da ba\u015flayan ve alt\u0131 Ocak&#8217;ta sona eren 40 g\u00fcnl\u00fck bir oru\u00e7 gelir.<\/p>\n","protected":false},"excerpt":{"rendered":"<p>\u015eAM &#8211; \u015eam&#8217;daki Rus Kilisesi&#8217;nin temsilcisi olan \u201cAntakyal\u0131 Aziz Ignatius Kilisesi\u201d Noel&#8217;i kutlamak i\u00e7in ilahi bir ayin d\u00fczenledi. Ayine, Antakya ve t\u00fcm Do\u011fu Rum Ortodoks Patrikhanesi&#8217;nin Patriklik Ba\u015fkan Yard\u0131mc\u0131s\u0131, Ba\u015fpiskopos Musa el Huri ba\u015fkanl\u0131k etti, Moskova Patri\u011fi ve T\u00fcm Rusya&#8217;n\u0131n Antakya Patrikli\u011fi ve T\u00fcm Rusya&#8217;n\u0131n temsilcisi Ar\u015fimendrit Arsani Sokolov ile baz\u0131 kahinler ve Kilise korosu &hellip;<\/p>\n","protected":false},"author":36,"featured_media":248157,"comment_status":"closed","ping_status":"closed","sticky":false,"template":"","format":"standard","meta":{"footnotes":""},"categories":[479,17988,478],"tags":[],"class_list":["post-248156","post","type-post","status-publish","format-standard","has-post-thumbnail","","category-haberler-yerel","category-son-haberler","category-yerel"],"_links":{"self":[{"href":"https:\/\/archive.sana.sy\/tr\/index.php?rest_route=\/wp\/v2\/posts\/248156","targetHints":{"allow":["GET"]}}],"collection":[{"href":"https:\/\/archive.sana.sy\/tr\/index.php?rest_route=\/wp\/v2\/posts"}],"about":[{"href":"https:\/\/archive.sana.sy\/tr\/index.php?rest_route=\/wp\/v2\/types\/post"}],"author":[{"embeddable":true,"href":"https:\/\/archive.sana.sy\/tr\/index.php?rest_route=\/wp\/v2\/users\/36"}],"replies":[{"embeddable":true,"href":"https:\/\/archive.sana.sy\/tr\/index.php?rest_route=%2Fwp%2Fv2%2Fcomments&post=248156"}],"version-history":[{"count":0,"href":"https:\/\/archive.sana.sy\/tr\/index.php?rest_route=\/wp\/v2\/posts\/248156\/revisions"}],"wp:featuredmedia":[{"embeddable":true,"href":"https:\/\/archive.sana.sy\/tr\/index.php?rest_route=\/wp\/v2\/media\/248157"}],"wp:attachment":[{"href":"https:\/\/archive.sana.sy\/tr\/index.php?rest_route=%2Fwp%2Fv2%2Fmedia&parent=248156"}],"wp:term":[{"taxonomy":"category","embeddable":true,"href":"https:\/\/archive.sana.sy\/tr\/index.php?rest_route=%2Fwp%2Fv2%2Fcategories&post=248156"},{"taxonomy":"post_tag","embeddable":true,"href":"https:\/\/archive.sana.sy\/tr\/index.php?rest_route=%2Fwp%2Fv2%2Ftags&post=248156"}],"curies":[{"name":"wp","href":"https:\/\/api.w.org\/{rel}","templated":true}]}}