{"id":248164,"date":"2022-01-08T10:05:31","date_gmt":"2022-01-08T08:05:31","guid":{"rendered":"http:\/\/107.6.182.27\/tr\/?p=248164"},"modified":"2022-01-09T08:10:24","modified_gmt":"2022-01-09T06:10:24","slug":"isgalci-turk-gucleri-ve-kiraliklari-ebu-rasin-beldesine-fuzelerle-saldirdi-2","status":"publish","type":"post","link":"https:\/\/archive.sana.sy\/tr\/?p=248164","title":{"rendered":"\u0130\u015fgalci T\u00fcrk G\u00fc\u00e7leri ve Kiral\u0131klar\u0131 Ebu Raseyn Beldesine F\u00fczelerle Sald\u0131rd\u0131"},"content":{"rendered":"<p>HASEKE \u2013 i\u015fgalci T\u00fcrkiye ve kiral\u0131klar\u0131, Haseke k\u0131rsal\u0131n\u0131n kuzeyinde yer alan Ebu Raseyn beldesi ve \u00e7evre k\u00f6ylere y\u00f6nelik sald\u0131r\u0131lar\u0131n\u0131 yenileyerek, halk\u0131n evlerine b\u00fcy\u00fck maddi hasar verdi ve daha fazla aileyi yerinden etti.<\/p>\n<p>Yerel kaynaklar SANA muhabirine yapt\u0131\u011f\u0131 a\u00e7\u0131klamada, i\u015fgalci T\u00fcrkiye ve kiral\u0131klar\u0131n\u0131n a\u011f\u0131r top ve f\u00fczelerle Ebu Raseyn beldesindeki vatanda\u015flar\u0131n evlerine ve kuzey k\u0131rsal\u0131ndaki \u00e7evre k\u00f6ylere sald\u0131rd\u0131\u011f\u0131n\u0131 belirtirken, bunun sonucunda \u00e7ok say\u0131da evin hasar g\u00f6rd\u00fc\u011f\u00fcn\u00fc belirtti.<\/p>\n<p>Kaynaklar ayr\u0131ca, insanlar\u0131n \u00f6zellikle gece saatlerinde Ebu Raseyn beldesini \u00e7evreleyen k\u00f6ylerdeki evlerinden \u00e7\u0131kmaya devam etti\u011fini belirtti.<\/p>\n","protected":false},"excerpt":{"rendered":"<p>HASEKE \u2013 i\u015fgalci T\u00fcrkiye ve kiral\u0131klar\u0131, Haseke k\u0131rsal\u0131n\u0131n kuzeyinde yer alan Ebu Raseyn beldesi ve \u00e7evre k\u00f6ylere y\u00f6nelik sald\u0131r\u0131lar\u0131n\u0131 yenileyerek, halk\u0131n evlerine b\u00fcy\u00fck maddi hasar verdi ve daha fazla aileyi yerinden etti. Yerel kaynaklar SANA muhabirine yapt\u0131\u011f\u0131 a\u00e7\u0131klamada, i\u015fgalci T\u00fcrkiye ve kiral\u0131klar\u0131n\u0131n a\u011f\u0131r top ve f\u00fczelerle Ebu Raseyn beldesindeki vatanda\u015flar\u0131n evlerine ve kuzey k\u0131rsal\u0131ndaki \u00e7evre &hellip;<\/p>\n","protected":false},"author":36,"featured_media":248165,"comment_status":"closed","ping_status":"closed","sticky":false,"template":"","format":"standard","meta":{"footnotes":""},"categories":[479,575,17988,2554,2555,478],"tags":[],"class_list":["post-248164","post","type-post","status-publish","format-standard","has-post-thumbnail","","category-haberler-yerel","category-olaylar-ve-gercekler","category-son-haberler","category-suriye-ve-dunya","category-suriye-ve-turkiye","category-yerel"],"_links":{"self":[{"href":"https:\/\/archive.sana.sy\/tr\/index.php?rest_route=\/wp\/v2\/posts\/248164","targetHints":{"allow":["GET"]}}],"collection":[{"href":"https:\/\/archive.sana.sy\/tr\/index.php?rest_route=\/wp\/v2\/posts"}],"about":[{"href":"https:\/\/archive.sana.sy\/tr\/index.php?rest_route=\/wp\/v2\/types\/post"}],"author":[{"embeddable":true,"href":"https:\/\/archive.sana.sy\/tr\/index.php?rest_route=\/wp\/v2\/users\/36"}],"replies":[{"embeddable":true,"href":"https:\/\/archive.sana.sy\/tr\/index.php?rest_route=%2Fwp%2Fv2%2Fcomments&post=248164"}],"version-history":[{"count":0,"href":"https:\/\/archive.sana.sy\/tr\/index.php?rest_route=\/wp\/v2\/posts\/248164\/revisions"}],"wp:featuredmedia":[{"embeddable":true,"href":"https:\/\/archive.sana.sy\/tr\/index.php?rest_route=\/wp\/v2\/media\/248165"}],"wp:attachment":[{"href":"https:\/\/archive.sana.sy\/tr\/index.php?rest_route=%2Fwp%2Fv2%2Fmedia&parent=248164"}],"wp:term":[{"taxonomy":"category","embeddable":true,"href":"https:\/\/archive.sana.sy\/tr\/index.php?rest_route=%2Fwp%2Fv2%2Fcategories&post=248164"},{"taxonomy":"post_tag","embeddable":true,"href":"https:\/\/archive.sana.sy\/tr\/index.php?rest_route=%2Fwp%2Fv2%2Ftags&post=248164"}],"curies":[{"name":"wp","href":"https:\/\/api.w.org\/{rel}","templated":true}]}}