{"id":248193,"date":"2022-01-08T11:34:13","date_gmt":"2022-01-08T09:34:13","guid":{"rendered":"http:\/\/107.6.182.27\/tr\/?p=248193"},"modified":"2022-01-09T08:10:47","modified_gmt":"2022-01-09T06:10:47","slug":"kunaytra-kirsalinda-bir-bomba-duzenegi-patladi-bir-sivil-sehit-dustu","status":"publish","type":"post","link":"https:\/\/archive.sana.sy\/tr\/?p=248193","title":{"rendered":"Kunaytra K\u0131rsal\u0131nda Bir Bomba D\u00fczene\u011fi Patlad\u0131, Bir Sivil \u015eehit D\u00fc\u015ft\u00fc"},"content":{"rendered":"<p>KUNAYTRA \u2013 SANA muhabiri, Kunaytra k\u0131rsal\u0131n\u0131n kuzeyinde yer alan Hadar beldesinin g\u00fcneyindeki Karm El Ki\u015fe&#8217;de, ter\u00f6r gruplar\u0131ndan kalan bir bomba d\u00fczene\u011finin patlamas\u0131 sonucunda bir sivilin \u015fehit d\u00fc\u015ft\u00fc\u011f\u00fcn\u00fc ve bir ki\u015finin de yaraland\u0131\u011f\u0131n\u0131 belirtti.<\/p>\n","protected":false},"excerpt":{"rendered":"<p>KUNAYTRA \u2013 SANA muhabiri, Kunaytra k\u0131rsal\u0131n\u0131n kuzeyinde yer alan Hadar beldesinin g\u00fcneyindeki Karm El Ki\u015fe&#8217;de, ter\u00f6r gruplar\u0131ndan kalan bir bomba d\u00fczene\u011finin patlamas\u0131 sonucunda bir sivilin \u015fehit d\u00fc\u015ft\u00fc\u011f\u00fcn\u00fc ve bir ki\u015finin de yaraland\u0131\u011f\u0131n\u0131 belirtti.<\/p>\n","protected":false},"author":36,"featured_media":248194,"comment_status":"closed","ping_status":"closed","sticky":false,"template":"","format":"standard","meta":{"footnotes":""},"categories":[479,575,17988,478],"tags":[],"class_list":["post-248193","post","type-post","status-publish","format-standard","has-post-thumbnail","","category-haberler-yerel","category-olaylar-ve-gercekler","category-son-haberler","category-yerel"],"_links":{"self":[{"href":"https:\/\/archive.sana.sy\/tr\/index.php?rest_route=\/wp\/v2\/posts\/248193","targetHints":{"allow":["GET"]}}],"collection":[{"href":"https:\/\/archive.sana.sy\/tr\/index.php?rest_route=\/wp\/v2\/posts"}],"about":[{"href":"https:\/\/archive.sana.sy\/tr\/index.php?rest_route=\/wp\/v2\/types\/post"}],"author":[{"embeddable":true,"href":"https:\/\/archive.sana.sy\/tr\/index.php?rest_route=\/wp\/v2\/users\/36"}],"replies":[{"embeddable":true,"href":"https:\/\/archive.sana.sy\/tr\/index.php?rest_route=%2Fwp%2Fv2%2Fcomments&post=248193"}],"version-history":[{"count":0,"href":"https:\/\/archive.sana.sy\/tr\/index.php?rest_route=\/wp\/v2\/posts\/248193\/revisions"}],"wp:featuredmedia":[{"embeddable":true,"href":"https:\/\/archive.sana.sy\/tr\/index.php?rest_route=\/wp\/v2\/media\/248194"}],"wp:attachment":[{"href":"https:\/\/archive.sana.sy\/tr\/index.php?rest_route=%2Fwp%2Fv2%2Fmedia&parent=248193"}],"wp:term":[{"taxonomy":"category","embeddable":true,"href":"https:\/\/archive.sana.sy\/tr\/index.php?rest_route=%2Fwp%2Fv2%2Fcategories&post=248193"},{"taxonomy":"post_tag","embeddable":true,"href":"https:\/\/archive.sana.sy\/tr\/index.php?rest_route=%2Fwp%2Fv2%2Ftags&post=248193"}],"curies":[{"name":"wp","href":"https:\/\/api.w.org\/{rel}","templated":true}]}}