{"id":248196,"date":"2022-01-08T15:35:00","date_gmt":"2022-01-08T13:35:00","guid":{"rendered":"http:\/\/107.6.182.27\/tr\/?p=248196"},"modified":"2022-01-14T11:09:31","modified_gmt":"2022-01-14T09:09:31","slug":"eski-kazakistan-ulusal-guvenlik-sefi-vatana-ihanetten-tutuklandi","status":"publish","type":"post","link":"https:\/\/archive.sana.sy\/tr\/?p=248196","title":{"rendered":"Eski Kazakistan Ulusal G\u00fcvenlik \u015eefi Vatana \u0130hanetten Tutukland\u0131"},"content":{"rendered":"<p style=\"text-align: justify;\">NUR\u00a0 SULTAN \u2013 Kazakistan Ulusal G\u00fcvenlik Komitesi bug\u00fcn eski ba\u015fkan\u0131 Karim Massimov&#8217;un vatana ihanet \u015f\u00fcphesiyle tutukland\u0131\u011f\u0131n\u0131 duyurdu.<\/p>\n<p style=\"text-align: justify;\">Komite yay\u0131nlad\u0131\u011f\u0131 beyanda, Massimov&#8217;un vatana ihanet su\u00e7lamalar\u0131yla ilgili soru\u015fturma ba\u015flatt\u0131ktan sonra 6 Ocak&#8217;ta tutukland\u0131\u011f\u0131n\u0131 belirterek, &#8220;Massimov&#8217;un bu su\u00e7u i\u015fledi\u011finden \u015f\u00fcphelenildi\u011fi g\u00fcn, tutukland\u0131\u011f\u0131n\u0131 ve ba\u015fkalar\u0131yla birlikte ge\u00e7ici bir g\u00f6zalt\u0131 merkezine yerle\u015ftirildi\u011fini&#8221; kaydetti.<\/p>\n<p style=\"text-align: justify;\">Masimov&#8217;un daha \u00f6nce Alma-Ata&#8217;da protestocular\u0131n h\u00fck\u00fcmet binalar\u0131n\u0131 basmas\u0131 sonras\u0131nda g\u00f6revinden al\u0131nmas\u0131 dikkat \u00e7ekici.<\/p>\n<p style=\"text-align: justify;\">P.M.<\/p>\n","protected":false},"excerpt":{"rendered":"<p>NUR\u00a0 SULTAN \u2013 Kazakistan Ulusal G\u00fcvenlik Komitesi bug\u00fcn eski ba\u015fkan\u0131 Karim Massimov&#8217;un vatana ihanet \u015f\u00fcphesiyle tutukland\u0131\u011f\u0131n\u0131 duyurdu. Komite yay\u0131nlad\u0131\u011f\u0131 beyanda, Massimov&#8217;un vatana ihanet su\u00e7lamalar\u0131yla ilgili soru\u015fturma ba\u015flatt\u0131ktan sonra 6 Ocak&#8217;ta tutukland\u0131\u011f\u0131n\u0131 belirterek, &#8220;Massimov&#8217;un bu su\u00e7u i\u015fledi\u011finden \u015f\u00fcphelenildi\u011fi g\u00fcn, tutukland\u0131\u011f\u0131n\u0131 ve ba\u015fkalar\u0131yla birlikte ge\u00e7ici bir g\u00f6zalt\u0131 merkezine yerle\u015ftirildi\u011fini&#8221; kaydetti. Masimov&#8217;un daha \u00f6nce Alma-Ata&#8217;da protestocular\u0131n h\u00fck\u00fcmet binalar\u0131n\u0131 &hellip;<\/p>\n","protected":false},"author":36,"featured_media":248197,"comment_status":"closed","ping_status":"closed","sticky":false,"template":"","format":"standard","meta":{"footnotes":""},"categories":[458,459,17988],"tags":[],"class_list":["post-248196","post","type-post","status-publish","format-standard","has-post-thumbnail","","category-dunya1","category-haberler-arap-uluslararasi-politika","category-son-haberler"],"_links":{"self":[{"href":"https:\/\/archive.sana.sy\/tr\/index.php?rest_route=\/wp\/v2\/posts\/248196","targetHints":{"allow":["GET"]}}],"collection":[{"href":"https:\/\/archive.sana.sy\/tr\/index.php?rest_route=\/wp\/v2\/posts"}],"about":[{"href":"https:\/\/archive.sana.sy\/tr\/index.php?rest_route=\/wp\/v2\/types\/post"}],"author":[{"embeddable":true,"href":"https:\/\/archive.sana.sy\/tr\/index.php?rest_route=\/wp\/v2\/users\/36"}],"replies":[{"embeddable":true,"href":"https:\/\/archive.sana.sy\/tr\/index.php?rest_route=%2Fwp%2Fv2%2Fcomments&post=248196"}],"version-history":[{"count":0,"href":"https:\/\/archive.sana.sy\/tr\/index.php?rest_route=\/wp\/v2\/posts\/248196\/revisions"}],"wp:featuredmedia":[{"embeddable":true,"href":"https:\/\/archive.sana.sy\/tr\/index.php?rest_route=\/wp\/v2\/media\/248197"}],"wp:attachment":[{"href":"https:\/\/archive.sana.sy\/tr\/index.php?rest_route=%2Fwp%2Fv2%2Fmedia&parent=248196"}],"wp:term":[{"taxonomy":"category","embeddable":true,"href":"https:\/\/archive.sana.sy\/tr\/index.php?rest_route=%2Fwp%2Fv2%2Fcategories&post=248196"},{"taxonomy":"post_tag","embeddable":true,"href":"https:\/\/archive.sana.sy\/tr\/index.php?rest_route=%2Fwp%2Fv2%2Ftags&post=248196"}],"curies":[{"name":"wp","href":"https:\/\/api.w.org\/{rel}","templated":true}]}}