{"id":248215,"date":"2022-01-08T15:59:51","date_gmt":"2022-01-08T13:59:51","guid":{"rendered":"http:\/\/107.6.182.27\/tr\/?p=248215"},"modified":"2022-01-12T08:15:24","modified_gmt":"2022-01-12T06:15:24","slug":"ordu-hasaka-kirsalindaki-bir-koyden-amerikan-isgaline-ait-bir-askeri-konvoyu-kovuyor","status":"publish","type":"post","link":"https:\/\/archive.sana.sy\/tr\/?p=248215","title":{"rendered":"Ordu, Hasaka K\u0131rsal\u0131ndaki Bir K\u00f6yden Amerikan \u0130\u015fgaline Ait Bir Askeri Konvoyu Kovuyor"},"content":{"rendered":"<p style=\"text-align: justify;\">HASEKE \u2013 Suriye Arap Ordusuna ait bir kontrol noktas\u0131, Haseke&#8217;nin kuzeybat\u0131 k\u0131rsal\u0131ndaki Tel Tamer b\u00f6lgesinde Amerikan i\u015fgal g\u00fc\u00e7lerine ait askeri ara\u00e7lardan olu\u015fan bir konvoyun \u00f6n\u00fcn\u00fc keserek b\u00f6lgeyi terk etmeye zorlad\u0131.<\/p>\n<p style=\"text-align: justify;\">Bu ba\u011flamda SANA muhabirine a\u00e7\u0131klama yapan yerel kaynaklar, Amerikan i\u015fgal g\u00fc\u00e7lerine ait 4 askeri ara\u00e7tan olu\u015fan bir konvoyun Tel Tamr kasabas\u0131n\u0131n kuzeyindeki Kabur el \u011earajneh k\u00f6y\u00fcne girmeye \u00e7al\u0131\u015ft\u0131\u011f\u0131n\u0131, ancak bir ordu kontrol noktas\u0131n\u0131n \u00f6n\u00fcn\u00fc keserek konvoyu geri \u00e7ekilmeye ve b\u00f6lgeyi terk etmeye zorlad\u0131\u011f\u0131n\u0131 s\u00f6yledi.<\/p>\n<p style=\"text-align: justify;\">P.M.<\/p>\n","protected":false},"excerpt":{"rendered":"<p>HASEKE \u2013 Suriye Arap Ordusuna ait bir kontrol noktas\u0131, Haseke&#8217;nin kuzeybat\u0131 k\u0131rsal\u0131ndaki Tel Tamer b\u00f6lgesinde Amerikan i\u015fgal g\u00fc\u00e7lerine ait askeri ara\u00e7lardan olu\u015fan bir konvoyun \u00f6n\u00fcn\u00fc keserek b\u00f6lgeyi terk etmeye zorlad\u0131. Bu ba\u011flamda SANA muhabirine a\u00e7\u0131klama yapan yerel kaynaklar, Amerikan i\u015fgal g\u00fc\u00e7lerine ait 4 askeri ara\u00e7tan olu\u015fan bir konvoyun Tel Tamr kasabas\u0131n\u0131n kuzeyindeki Kabur el \u011earajneh &hellip;<\/p>\n","protected":false},"author":1,"featured_media":248216,"comment_status":"closed","ping_status":"closed","sticky":false,"template":"","format":"standard","meta":{"footnotes":""},"categories":[479,575,17988,478],"tags":[],"class_list":["post-248215","post","type-post","status-publish","format-standard","has-post-thumbnail","","category-haberler-yerel","category-olaylar-ve-gercekler","category-son-haberler","category-yerel"],"_links":{"self":[{"href":"https:\/\/archive.sana.sy\/tr\/index.php?rest_route=\/wp\/v2\/posts\/248215","targetHints":{"allow":["GET"]}}],"collection":[{"href":"https:\/\/archive.sana.sy\/tr\/index.php?rest_route=\/wp\/v2\/posts"}],"about":[{"href":"https:\/\/archive.sana.sy\/tr\/index.php?rest_route=\/wp\/v2\/types\/post"}],"author":[{"embeddable":true,"href":"https:\/\/archive.sana.sy\/tr\/index.php?rest_route=\/wp\/v2\/users\/1"}],"replies":[{"embeddable":true,"href":"https:\/\/archive.sana.sy\/tr\/index.php?rest_route=%2Fwp%2Fv2%2Fcomments&post=248215"}],"version-history":[{"count":0,"href":"https:\/\/archive.sana.sy\/tr\/index.php?rest_route=\/wp\/v2\/posts\/248215\/revisions"}],"wp:featuredmedia":[{"embeddable":true,"href":"https:\/\/archive.sana.sy\/tr\/index.php?rest_route=\/wp\/v2\/media\/248216"}],"wp:attachment":[{"href":"https:\/\/archive.sana.sy\/tr\/index.php?rest_route=%2Fwp%2Fv2%2Fmedia&parent=248215"}],"wp:term":[{"taxonomy":"category","embeddable":true,"href":"https:\/\/archive.sana.sy\/tr\/index.php?rest_route=%2Fwp%2Fv2%2Fcategories&post=248215"},{"taxonomy":"post_tag","embeddable":true,"href":"https:\/\/archive.sana.sy\/tr\/index.php?rest_route=%2Fwp%2Fv2%2Ftags&post=248215"}],"curies":[{"name":"wp","href":"https:\/\/api.w.org\/{rel}","templated":true}]}}