{"id":248218,"date":"2022-01-08T16:03:10","date_gmt":"2022-01-08T14:03:10","guid":{"rendered":"http:\/\/107.6.182.27\/tr\/?p=248218"},"modified":"2022-01-09T11:07:50","modified_gmt":"2022-01-09T09:07:50","slug":"turk-isgalcinin-saldirilarinin-vahseti-sonucunda-ebu-rasin-nahiyesinden-yeni-bir-yerinden-edilme-hareketi-basladi","status":"publish","type":"post","link":"https:\/\/archive.sana.sy\/tr\/?p=248218","title":{"rendered":"T\u00fcrk I\u015fgalcinin Sald\u0131r\u0131lar\u0131n\u0131n Vah\u015feti Sonucunda Ebu Rasin Nahiyesi\u2019nden Yeni Bir Yerinden Edilme Hareketi Ba\u015flad\u0131"},"content":{"rendered":"<p style=\"text-align: justify;\">HASEKE \u2013 Haseke \u0130li Sosyal \u0130\u015fler ve \u00c7al\u0131\u015fma M\u00fcd\u00fcrl\u00fc\u011f\u00fc, T\u00fcrk i\u015fgal kuvvetleri ve \u00e7etelerinin Ebu Rasin\u2019deki g\u00fcvenli k\u00f6y ve kasabalara y\u00f6nelik top\u00e7u sald\u0131r\u0131s\u0131 sonucu son 24 saatte b\u00fcy\u00fck bir yerinden edilme hareketinin ya\u015fand\u0131\u011f\u0131n\u0131 bildirdi.<\/p>\n<p style=\"text-align: justify;\">\u0130\u015fler Direkt\u00f6r\u00fc \u0130brahim Halaf SANA\u2019ya yapt\u0131\u011f\u0131 a\u00e7\u0131klamada, d\u00fcn geceki \u015fiddetli T\u00fcrk sald\u0131rganl\u0131\u011f\u0131n\u0131n Tel Tamer&#8217;in k\u0131rsal\u0131n\u0131n kuzeyindeki k\u00f6ylere ek olarak Haseke&#8217;nin kuzeyindeki Ebu Rasin beldesinde \u00f6zellikle bat\u0131 ve orta mahallelerde \u00e7ok say\u0131da vatanda\u015f\u0131n evinin tamamen veya k\u0131smen y\u0131k\u0131lmas\u0131na yol a\u00e7t\u0131\u011f\u0131n\u0131 belirtti.<\/p>\n<p style=\"text-align: justify;\">Halaf devam ederken, bunun, insanlar\u0131n g\u00fcvenli alanlara ve k\u00f6ylere do\u011fru b\u00fcy\u00fck bir yerinden edilmesine yol a\u00e7t\u0131\u011f\u0131n\u0131 belirterek, m\u00fcd\u00fcrl\u00fc\u011f\u00fcn bu sabah yerinden edilmi\u015f ailelerin ger\u00e7ekli\u011fini izleyen bir ekibi ihtiya\u00e7lar\u0131n\u0131 ve yard\u0131mlar\u0131n\u0131 sa\u011flamak i\u00e7in \u00e7al\u0131\u015fmak \u00fczere g\u00f6nderdi\u011fine dikkat \u00e7ekti.<\/p>\n<p style=\"text-align: justify;\">Halaf ayr\u0131ca, daha \u00f6nce sald\u0131r\u0131lar sonucu yerinden edilen ailelerin say\u0131s\u0131n\u0131n, ev sahibi topluluk ile ge\u00e7ici bar\u0131nma merkezleri aras\u0131nda da\u011f\u0131t\u0131lan 1.500 aile oldu\u011funu, acil m\u00fcdahale ve \u00e7e\u015fitli yard\u0131mlar\u0131n kendilerine da\u011f\u0131t\u0131lmas\u0131yla takip edildi\u011fini belirtti.<\/p>\n<p style=\"text-align: justify;\">Son olarak Halaf, T\u00fcrk i\u015fgal g\u00fc\u00e7leri ve kiral\u0131klar\u0131n\u0131n tekrarlanan ve yakla\u015f\u0131k yirmi g\u00fcnd\u00fcr devam eden sald\u0131r\u0131lar\u0131 sonucunda Tel Tamr k\u0131rsal\u0131ndan yerinden edilmi\u015f ailelere ev sahipli\u011fi yapan 2.000 aileyi i\u00e7eren yerel ev sahibi toplulu\u011fun yard\u0131ma dahil edilmesine ek olarak yerinden edilmi\u015f ailelere yard\u0131m sa\u011flanmas\u0131n\u0131n devam etti\u011fine i\u015faret etti.<\/p>\n<p style=\"text-align: justify;\">P.M.<\/p>\n","protected":false},"excerpt":{"rendered":"<p>HASEKE \u2013 Haseke \u0130li Sosyal \u0130\u015fler ve \u00c7al\u0131\u015fma M\u00fcd\u00fcrl\u00fc\u011f\u00fc, T\u00fcrk i\u015fgal kuvvetleri ve \u00e7etelerinin Ebu Rasin\u2019deki g\u00fcvenli k\u00f6y ve kasabalara y\u00f6nelik top\u00e7u sald\u0131r\u0131s\u0131 sonucu son 24 saatte b\u00fcy\u00fck bir yerinden edilme hareketinin ya\u015fand\u0131\u011f\u0131n\u0131 bildirdi. \u0130\u015fler Direkt\u00f6r\u00fc \u0130brahim Halaf SANA\u2019ya yapt\u0131\u011f\u0131 a\u00e7\u0131klamada, d\u00fcn geceki \u015fiddetli T\u00fcrk sald\u0131rganl\u0131\u011f\u0131n\u0131n Tel Tamer&#8217;in k\u0131rsal\u0131n\u0131n kuzeyindeki k\u00f6ylere ek olarak Haseke&#8217;nin kuzeyindeki &hellip;<\/p>\n","protected":false},"author":1,"featured_media":248219,"comment_status":"closed","ping_status":"closed","sticky":false,"template":"","format":"standard","meta":{"footnotes":""},"categories":[479,575,17988,2554,2555,478],"tags":[],"class_list":["post-248218","post","type-post","status-publish","format-standard","has-post-thumbnail","","category-haberler-yerel","category-olaylar-ve-gercekler","category-son-haberler","category-suriye-ve-dunya","category-suriye-ve-turkiye","category-yerel"],"_links":{"self":[{"href":"https:\/\/archive.sana.sy\/tr\/index.php?rest_route=\/wp\/v2\/posts\/248218","targetHints":{"allow":["GET"]}}],"collection":[{"href":"https:\/\/archive.sana.sy\/tr\/index.php?rest_route=\/wp\/v2\/posts"}],"about":[{"href":"https:\/\/archive.sana.sy\/tr\/index.php?rest_route=\/wp\/v2\/types\/post"}],"author":[{"embeddable":true,"href":"https:\/\/archive.sana.sy\/tr\/index.php?rest_route=\/wp\/v2\/users\/1"}],"replies":[{"embeddable":true,"href":"https:\/\/archive.sana.sy\/tr\/index.php?rest_route=%2Fwp%2Fv2%2Fcomments&post=248218"}],"version-history":[{"count":0,"href":"https:\/\/archive.sana.sy\/tr\/index.php?rest_route=\/wp\/v2\/posts\/248218\/revisions"}],"wp:featuredmedia":[{"embeddable":true,"href":"https:\/\/archive.sana.sy\/tr\/index.php?rest_route=\/wp\/v2\/media\/248219"}],"wp:attachment":[{"href":"https:\/\/archive.sana.sy\/tr\/index.php?rest_route=%2Fwp%2Fv2%2Fmedia&parent=248218"}],"wp:term":[{"taxonomy":"category","embeddable":true,"href":"https:\/\/archive.sana.sy\/tr\/index.php?rest_route=%2Fwp%2Fv2%2Fcategories&post=248218"},{"taxonomy":"post_tag","embeddable":true,"href":"https:\/\/archive.sana.sy\/tr\/index.php?rest_route=%2Fwp%2Fv2%2Ftags&post=248218"}],"curies":[{"name":"wp","href":"https:\/\/api.w.org\/{rel}","templated":true}]}}