{"id":248226,"date":"2022-01-08T23:29:01","date_gmt":"2022-01-08T21:29:01","guid":{"rendered":"http:\/\/107.6.182.27\/tr\/?p=248226"},"modified":"2022-01-12T08:15:27","modified_gmt":"2022-01-12T06:15:27","slug":"turk-rejimi-suriye-sinir-seridinde-3-askerinin-olduruldugunu-ilan-etti","status":"publish","type":"post","link":"https:\/\/archive.sana.sy\/tr\/?p=248226","title":{"rendered":"T\u00fcrk Rejimi, Suriye S\u0131n\u0131r \u015eeridinde 3 Askerinin \u00d6ld\u00fcr\u00fcld\u00fc\u011f\u00fcn\u00fc \u0130lan Etti"},"content":{"rendered":"<p>ANKARA \u2013 T\u00fcrk rejimi, Suriye ile s\u0131n\u0131r \u015feridinde bir patlay\u0131c\u0131n\u0131n infilak etmesi sonucu \u00fc\u00e7 askerinin \u00f6ld\u00fcr\u00fcld\u00fc\u011f\u00fcn\u00fc ilan etti.<\/p>\n<p>T\u00fcrk Savunma Bakanl\u0131\u011f\u0131&#8217;ndan yap\u0131lan a\u00e7\u0131klamada, &#8220;Suriye s\u0131n\u0131r \u015feridinde bir patlay\u0131c\u0131n\u0131n infilak etmesi sonucunda 3 askerin\u00a0 \u00f6ld\u00fc\u011f\u00fcn\u00fc&#8221; belirtti.<\/p>\n","protected":false},"excerpt":{"rendered":"<p>ANKARA \u2013 T\u00fcrk rejimi, Suriye ile s\u0131n\u0131r \u015feridinde bir patlay\u0131c\u0131n\u0131n infilak etmesi sonucu \u00fc\u00e7 askerinin \u00f6ld\u00fcr\u00fcld\u00fc\u011f\u00fcn\u00fc ilan etti. T\u00fcrk Savunma Bakanl\u0131\u011f\u0131&#8217;ndan yap\u0131lan a\u00e7\u0131klamada, &#8220;Suriye s\u0131n\u0131r \u015feridinde bir patlay\u0131c\u0131n\u0131n infilak etmesi sonucunda 3 askerin\u00a0 \u00f6ld\u00fc\u011f\u00fcn\u00fc&#8221; belirtti.<\/p>\n","protected":false},"author":36,"featured_media":248227,"comment_status":"closed","ping_status":"closed","sticky":false,"template":"","format":"standard","meta":{"footnotes":""},"categories":[458,459,17988,2554,2555],"tags":[],"class_list":["post-248226","post","type-post","status-publish","format-standard","has-post-thumbnail","","category-dunya1","category-haberler-arap-uluslararasi-politika","category-son-haberler","category-suriye-ve-dunya","category-suriye-ve-turkiye"],"_links":{"self":[{"href":"https:\/\/archive.sana.sy\/tr\/index.php?rest_route=\/wp\/v2\/posts\/248226","targetHints":{"allow":["GET"]}}],"collection":[{"href":"https:\/\/archive.sana.sy\/tr\/index.php?rest_route=\/wp\/v2\/posts"}],"about":[{"href":"https:\/\/archive.sana.sy\/tr\/index.php?rest_route=\/wp\/v2\/types\/post"}],"author":[{"embeddable":true,"href":"https:\/\/archive.sana.sy\/tr\/index.php?rest_route=\/wp\/v2\/users\/36"}],"replies":[{"embeddable":true,"href":"https:\/\/archive.sana.sy\/tr\/index.php?rest_route=%2Fwp%2Fv2%2Fcomments&post=248226"}],"version-history":[{"count":0,"href":"https:\/\/archive.sana.sy\/tr\/index.php?rest_route=\/wp\/v2\/posts\/248226\/revisions"}],"wp:featuredmedia":[{"embeddable":true,"href":"https:\/\/archive.sana.sy\/tr\/index.php?rest_route=\/wp\/v2\/media\/248227"}],"wp:attachment":[{"href":"https:\/\/archive.sana.sy\/tr\/index.php?rest_route=%2Fwp%2Fv2%2Fmedia&parent=248226"}],"wp:term":[{"taxonomy":"category","embeddable":true,"href":"https:\/\/archive.sana.sy\/tr\/index.php?rest_route=%2Fwp%2Fv2%2Fcategories&post=248226"},{"taxonomy":"post_tag","embeddable":true,"href":"https:\/\/archive.sana.sy\/tr\/index.php?rest_route=%2Fwp%2Fv2%2Ftags&post=248226"}],"curies":[{"name":"wp","href":"https:\/\/api.w.org\/{rel}","templated":true}]}}