{"id":248244,"date":"2022-01-09T12:48:32","date_gmt":"2022-01-09T10:48:32","guid":{"rendered":"http:\/\/107.6.182.27\/tr\/?p=248244"},"modified":"2022-01-12T08:15:51","modified_gmt":"2022-01-12T06:15:51","slug":"halterci-maan-asaad-spor-yaraticilik-odulunu-aldi","status":"publish","type":"post","link":"https:\/\/archive.sana.sy\/tr\/?p=248244","title":{"rendered":"Halterci Maan Asaad, Spor Yarat\u0131c\u0131l\u0131k \u00d6d\u00fcl\u00fc&#8217;n\u00fc Ald\u0131"},"content":{"rendered":"<p>EBU DAB\u0130 \u2013 Suriyeli halterci Maan Asaad, Muhammed bin Ra\u015fid El Mektum Yarat\u0131c\u0131l\u0131k \u00d6d\u00fcl\u00fc&#8217;n\u00fcn 11. d\u00f6ng\u00fcs\u00fcnde bug\u00fcn 28 spor \u015fampiyonuyla birlikte Spor Yarat\u0131c\u0131l\u0131k \u00d6d\u00fcl\u00fc&#8217;n\u00fc kazand\u0131.<\/p>\n<p>halterci Asaad, son 2020 Tokyo Olimpiyatlar\u0131&#8217;nda 109 kg \u00fcst\u00fcn halter m\u00fcsabakalar\u0131nda bronz madalya kazanarak, zor ko\u015fullar ve b\u00fcy\u00fck zorluklar alt\u0131nda y\u00fcksek ba\u015far\u0131 elde eden sporcu kategorisinde \u00f6d\u00fcl\u00fcn sahibi oldu.<\/p>\n","protected":false},"excerpt":{"rendered":"<p>EBU DAB\u0130 \u2013 Suriyeli halterci Maan Asaad, Muhammed bin Ra\u015fid El Mektum Yarat\u0131c\u0131l\u0131k \u00d6d\u00fcl\u00fc&#8217;n\u00fcn 11. d\u00f6ng\u00fcs\u00fcnde bug\u00fcn 28 spor \u015fampiyonuyla birlikte Spor Yarat\u0131c\u0131l\u0131k \u00d6d\u00fcl\u00fc&#8217;n\u00fc kazand\u0131. halterci Asaad, son 2020 Tokyo Olimpiyatlar\u0131&#8217;nda 109 kg \u00fcst\u00fcn halter m\u00fcsabakalar\u0131nda bronz madalya kazanarak, zor ko\u015fullar ve b\u00fcy\u00fck zorluklar alt\u0131nda y\u00fcksek ba\u015far\u0131 elde eden sporcu kategorisinde \u00f6d\u00fcl\u00fcn sahibi oldu.<\/p>\n","protected":false},"author":36,"featured_media":248245,"comment_status":"closed","ping_status":"closed","sticky":false,"template":"","format":"standard","meta":{"footnotes":""},"categories":[458,459,17988,496],"tags":[],"class_list":["post-248244","post","type-post","status-publish","format-standard","has-post-thumbnail","","category-dunya1","category-haberler-arap-uluslararasi-politika","category-son-haberler","category-spor"],"_links":{"self":[{"href":"https:\/\/archive.sana.sy\/tr\/index.php?rest_route=\/wp\/v2\/posts\/248244","targetHints":{"allow":["GET"]}}],"collection":[{"href":"https:\/\/archive.sana.sy\/tr\/index.php?rest_route=\/wp\/v2\/posts"}],"about":[{"href":"https:\/\/archive.sana.sy\/tr\/index.php?rest_route=\/wp\/v2\/types\/post"}],"author":[{"embeddable":true,"href":"https:\/\/archive.sana.sy\/tr\/index.php?rest_route=\/wp\/v2\/users\/36"}],"replies":[{"embeddable":true,"href":"https:\/\/archive.sana.sy\/tr\/index.php?rest_route=%2Fwp%2Fv2%2Fcomments&post=248244"}],"version-history":[{"count":0,"href":"https:\/\/archive.sana.sy\/tr\/index.php?rest_route=\/wp\/v2\/posts\/248244\/revisions"}],"wp:featuredmedia":[{"embeddable":true,"href":"https:\/\/archive.sana.sy\/tr\/index.php?rest_route=\/wp\/v2\/media\/248245"}],"wp:attachment":[{"href":"https:\/\/archive.sana.sy\/tr\/index.php?rest_route=%2Fwp%2Fv2%2Fmedia&parent=248244"}],"wp:term":[{"taxonomy":"category","embeddable":true,"href":"https:\/\/archive.sana.sy\/tr\/index.php?rest_route=%2Fwp%2Fv2%2Fcategories&post=248244"},{"taxonomy":"post_tag","embeddable":true,"href":"https:\/\/archive.sana.sy\/tr\/index.php?rest_route=%2Fwp%2Fv2%2Ftags&post=248244"}],"curies":[{"name":"wp","href":"https:\/\/api.w.org\/{rel}","templated":true}]}}