{"id":248250,"date":"2022-01-09T22:36:11","date_gmt":"2022-01-09T20:36:11","guid":{"rendered":"http:\/\/107.6.182.27\/tr\/?p=248250"},"modified":"2022-01-12T08:09:13","modified_gmt":"2022-01-12T06:09:13","slug":"erdogan-kiraliklari-arsinda-donen-catismalar-sonucunda-1-vatandas-sehit-dustu-bazilari-yaralandi","status":"publish","type":"post","link":"https:\/\/archive.sana.sy\/tr\/?p=248250","title":{"rendered":"Erdo\u011fan Kiral\u0131klar\u0131 Ars\u0131nda D\u00f6nen \u00c7at\u0131\u015fmalar Sonucunda 1 Vatanda\u015f \u015eehit D\u00fc\u015ft\u00fc Baz\u0131lar\u0131 Yaraland\u0131"},"content":{"rendered":"<p style=\"text-align: justify;\">HALEP &#8211; Halep&#8217;in kuzey k\u0131rsal\u0131ndaki Mare&#8217;a kentinde konu\u015flanan ter\u00f6rist \u00f6rg\u00fctleri ile T\u00fcrk rejimine ba\u011fl\u0131 kiral\u0131klar aras\u0131nda \u00e7\u0131kan \u00e7at\u0131\u015fmada bir vatanda\u015f hayat\u0131n\u0131 kaybetti, baz\u0131 vatanda\u015flar da yaraland\u0131.<\/p>\n<p style=\"text-align: justify;\">Yerel kaynaklar SANA&#8217;ya verdi\u011fi deme\u00e7te, kuzey k\u0131rsal\u0131ndaki Mare&#8217;a kentinin merkezinde T\u00fcrk i\u015fgal kuvvetlerinin destekledi\u011fi s\u00f6zde (Al-Vakkas Tugay\u0131) adl\u0131 ter\u00f6ristler aras\u0131nda makineli t\u00fcfekli \u00e7at\u0131\u015fmalar\u0131n \u00e7\u0131kt\u0131\u011f\u0131n\u0131 ve bir ki\u015finin \u015fehit d\u00fc\u015fmesi baz\u0131 vatanda\u015flar\u0131n da yaralanmas\u0131yla sonu\u00e7land\u0131\u011f\u0131n\u0131 s\u00f6yledi.<\/p>\n","protected":false},"excerpt":{"rendered":"<p>HALEP &#8211; Halep&#8217;in kuzey k\u0131rsal\u0131ndaki Mare&#8217;a kentinde konu\u015flanan ter\u00f6rist \u00f6rg\u00fctleri ile T\u00fcrk rejimine ba\u011fl\u0131 kiral\u0131klar aras\u0131nda \u00e7\u0131kan \u00e7at\u0131\u015fmada bir vatanda\u015f hayat\u0131n\u0131 kaybetti, baz\u0131 vatanda\u015flar da yaraland\u0131. Yerel kaynaklar SANA&#8217;ya verdi\u011fi deme\u00e7te, kuzey k\u0131rsal\u0131ndaki Mare&#8217;a kentinin merkezinde T\u00fcrk i\u015fgal kuvvetlerinin destekledi\u011fi s\u00f6zde (Al-Vakkas Tugay\u0131) adl\u0131 ter\u00f6ristler aras\u0131nda makineli t\u00fcfekli \u00e7at\u0131\u015fmalar\u0131n \u00e7\u0131kt\u0131\u011f\u0131n\u0131 ve bir ki\u015finin \u015fehit d\u00fc\u015fmesi &hellip;<\/p>\n","protected":false},"author":1,"featured_media":248251,"comment_status":"closed","ping_status":"closed","sticky":false,"template":"","format":"standard","meta":{"footnotes":""},"categories":[479,17988,2555,478],"tags":[],"class_list":["post-248250","post","type-post","status-publish","format-standard","has-post-thumbnail","","category-haberler-yerel","category-son-haberler","category-suriye-ve-turkiye","category-yerel"],"_links":{"self":[{"href":"https:\/\/archive.sana.sy\/tr\/index.php?rest_route=\/wp\/v2\/posts\/248250","targetHints":{"allow":["GET"]}}],"collection":[{"href":"https:\/\/archive.sana.sy\/tr\/index.php?rest_route=\/wp\/v2\/posts"}],"about":[{"href":"https:\/\/archive.sana.sy\/tr\/index.php?rest_route=\/wp\/v2\/types\/post"}],"author":[{"embeddable":true,"href":"https:\/\/archive.sana.sy\/tr\/index.php?rest_route=\/wp\/v2\/users\/1"}],"replies":[{"embeddable":true,"href":"https:\/\/archive.sana.sy\/tr\/index.php?rest_route=%2Fwp%2Fv2%2Fcomments&post=248250"}],"version-history":[{"count":0,"href":"https:\/\/archive.sana.sy\/tr\/index.php?rest_route=\/wp\/v2\/posts\/248250\/revisions"}],"wp:featuredmedia":[{"embeddable":true,"href":"https:\/\/archive.sana.sy\/tr\/index.php?rest_route=\/wp\/v2\/media\/248251"}],"wp:attachment":[{"href":"https:\/\/archive.sana.sy\/tr\/index.php?rest_route=%2Fwp%2Fv2%2Fmedia&parent=248250"}],"wp:term":[{"taxonomy":"category","embeddable":true,"href":"https:\/\/archive.sana.sy\/tr\/index.php?rest_route=%2Fwp%2Fv2%2Fcategories&post=248250"},{"taxonomy":"post_tag","embeddable":true,"href":"https:\/\/archive.sana.sy\/tr\/index.php?rest_route=%2Fwp%2Fv2%2Ftags&post=248250"}],"curies":[{"name":"wp","href":"https:\/\/api.w.org\/{rel}","templated":true}]}}