{"id":248253,"date":"2022-01-09T23:12:23","date_gmt":"2022-01-09T21:12:23","guid":{"rendered":"http:\/\/107.6.182.27\/tr\/?p=248253"},"modified":"2022-01-14T11:09:19","modified_gmt":"2022-01-14T09:09:19","slug":"rakka-kirsalindaki-dsgyi-protesto-gosterisinde-cok-sayida-sivil-yaralandi","status":"publish","type":"post","link":"https:\/\/archive.sana.sy\/tr\/?p=248253","title":{"rendered":"Rakka K\u0131rsal\u0131ndaki DSG&#8217;yi Protesto G\u00f6sterisinde \u00c7ok Say\u0131da Sivil Yaraland\u0131"},"content":{"rendered":"<p style=\"text-align: justify;\">RAKKA &#8211; ABD i\u015fgal g\u00fc\u00e7lerinin destekledi\u011fi Demokratik Suriye G\u00fc\u00e7leri&#8217;ne (DSG) ba\u011fl\u0131 gruplar\u0131n Rakka k\u0131rsal\u0131ndaki Al S\u00fcveydiyye beldesinde kendilerine y\u00f6nelik bir protesto g\u00f6sterisine canl\u0131 mermilerle ate\u015f a\u00e7mas\u0131 sonucu \u00e7ok say\u0131da sivil yaraland\u0131.<\/p>\n<p style=\"text-align: justify;\">Yerel kaynaklar SANA&#8217;ya verdi\u011fi deme\u00e7te, Rakka k\u0131rsal\u0131ndaki el-S\u00fcveydiyye belde sakinlerinin bu ak\u015fam &#8220;DSG&#8221; milislerinin bask\u0131c\u0131 uygulamalar\u0131n\u0131 ve ekinleri, kaynaklar\u0131 ve b\u00f6lgenin zenginlik kaynaklar\u0131n\u0131 \u00e7almalar\u0131 yan\u0131 s\u0131ra kontrolleri alanlar\u0131nda yay\u0131lan kaosu protesto etmek amac\u0131yla g\u00f6steri d\u00fczenlediklerini ifade etti.<\/p>\n<p style=\"text-align: justify;\">Kaynaklar, &#8220;DSG&#8221; milislerinin askeri takviyeler getirdi\u011fini ve g\u00f6stericilere geli\u015fig\u00fczel ate\u015f ederek g\u00f6stericileri da\u011f\u0131tmaya \u00e7al\u0131\u015ft\u0131\u011f\u0131n\u0131, bunun da baz\u0131lar\u0131n\u0131n durumu kritik olan b\u00f6lge sakinleri aras\u0131nda \u00e7ok say\u0131da yaralanmalara yol a\u00e7t\u0131\u011f\u0131na, ayr\u0131ca \u00e7ok say\u0131da vatanda\u015f\u0131 da ka\u00e7\u0131rarak bilinmeyen yerlere naklettiklerine dikkat \u00e7ekti.<\/p>\n","protected":false},"excerpt":{"rendered":"<p>RAKKA &#8211; ABD i\u015fgal g\u00fc\u00e7lerinin destekledi\u011fi Demokratik Suriye G\u00fc\u00e7leri&#8217;ne (DSG) ba\u011fl\u0131 gruplar\u0131n Rakka k\u0131rsal\u0131ndaki Al S\u00fcveydiyye beldesinde kendilerine y\u00f6nelik bir protesto g\u00f6sterisine canl\u0131 mermilerle ate\u015f a\u00e7mas\u0131 sonucu \u00e7ok say\u0131da sivil yaraland\u0131. Yerel kaynaklar SANA&#8217;ya verdi\u011fi deme\u00e7te, Rakka k\u0131rsal\u0131ndaki el-S\u00fcveydiyye belde sakinlerinin bu ak\u015fam &#8220;DSG&#8221; milislerinin bask\u0131c\u0131 uygulamalar\u0131n\u0131 ve ekinleri, kaynaklar\u0131 ve b\u00f6lgenin zenginlik kaynaklar\u0131n\u0131 \u00e7almalar\u0131 &hellip;<\/p>\n","protected":false},"author":36,"featured_media":248254,"comment_status":"closed","ping_status":"closed","sticky":false,"template":"","format":"standard","meta":{"footnotes":""},"categories":[479,575,17988,478],"tags":[],"class_list":["post-248253","post","type-post","status-publish","format-standard","has-post-thumbnail","","category-haberler-yerel","category-olaylar-ve-gercekler","category-son-haberler","category-yerel"],"_links":{"self":[{"href":"https:\/\/archive.sana.sy\/tr\/index.php?rest_route=\/wp\/v2\/posts\/248253","targetHints":{"allow":["GET"]}}],"collection":[{"href":"https:\/\/archive.sana.sy\/tr\/index.php?rest_route=\/wp\/v2\/posts"}],"about":[{"href":"https:\/\/archive.sana.sy\/tr\/index.php?rest_route=\/wp\/v2\/types\/post"}],"author":[{"embeddable":true,"href":"https:\/\/archive.sana.sy\/tr\/index.php?rest_route=\/wp\/v2\/users\/36"}],"replies":[{"embeddable":true,"href":"https:\/\/archive.sana.sy\/tr\/index.php?rest_route=%2Fwp%2Fv2%2Fcomments&post=248253"}],"version-history":[{"count":0,"href":"https:\/\/archive.sana.sy\/tr\/index.php?rest_route=\/wp\/v2\/posts\/248253\/revisions"}],"wp:featuredmedia":[{"embeddable":true,"href":"https:\/\/archive.sana.sy\/tr\/index.php?rest_route=\/wp\/v2\/media\/248254"}],"wp:attachment":[{"href":"https:\/\/archive.sana.sy\/tr\/index.php?rest_route=%2Fwp%2Fv2%2Fmedia&parent=248253"}],"wp:term":[{"taxonomy":"category","embeddable":true,"href":"https:\/\/archive.sana.sy\/tr\/index.php?rest_route=%2Fwp%2Fv2%2Fcategories&post=248253"},{"taxonomy":"post_tag","embeddable":true,"href":"https:\/\/archive.sana.sy\/tr\/index.php?rest_route=%2Fwp%2Fv2%2Ftags&post=248253"}],"curies":[{"name":"wp","href":"https:\/\/api.w.org\/{rel}","templated":true}]}}