{"id":248256,"date":"2022-01-10T12:22:49","date_gmt":"2022-01-10T10:22:49","guid":{"rendered":"http:\/\/107.6.182.27\/tr\/?p=248256"},"modified":"2022-01-12T08:10:00","modified_gmt":"2022-01-12T06:10:00","slug":"mikdad-reccub-gorusmesinde-suriye-ve-filistin-israil-isgali-ve-ihlalleriyle-surekli-karsi-karsiya","status":"publish","type":"post","link":"https:\/\/archive.sana.sy\/tr\/?p=248256","title":{"rendered":"Mikdad Reccub G\u00f6r\u00fc\u015fmesinde: Suriye ve Filistin, \u0130srail \u0130\u015fgali Ve \u0130hlalleriyle S\u00fcrekli Kar\u015f\u0131 Kar\u015f\u0131ya"},"content":{"rendered":"<p style=\"text-align: justify;\">\u015eAM &#8211; D\u0131\u015fi\u015fleri ve Gurbet\u00e7iler Bakan\u0131 Dr. Faysal Mikdad, Filistin Ulusal Kurtulu\u015f Hareketi &#8220;Fetih&#8221; Merkez Komitesi Sekreteri T\u00fcmgeneral Cibril Reccub ve beraberindeki heyet ile Suriye, Filistin ve b\u00f6lgedeki durumu g\u00f6r\u00fc\u015ft\u00fc.<\/p>\n<p style=\"text-align: justify;\">G\u00f6r\u00fc\u015fmenin ba\u015f\u0131nda Reccub, Filistin Devlet Ba\u015fkan\u0131 Mahmud Abbas&#8217;\u0131n Cumhurba\u015fkan\u0131 Be\u015f\u015far Esad&#8217;a hitaben yazd\u0131\u011f\u0131 bir mektubu Bakan Mikdad&#8217;a teslim etti.<\/p>\n<p style=\"text-align: justify;\">Bakan Mikdad, Suriye&#8217;nin Filistin halk\u0131n\u0131n topraklar\u0131nda ba\u011f\u0131ms\u0131z bir devlet kurmas\u0131 da dahil olmak \u00fczere me\u015fru ve devredilemez haklar\u0131n\u0131 geri kazanmas\u0131na verdi\u011fi deste\u011fi belirterek, Suriye ve Filistin&#8217;in \u0130srail i\u015fgali, \u0130srail sald\u0131rganl\u0131\u011f\u0131, uygulamalar\u0131 ve uluslararas\u0131 me\u015fruiyet ihlalleriyle kar\u015f\u0131 kar\u015f\u0131ya oldu\u011funu dile getirdi.<\/p>\n<p style=\"text-align: justify;\">Mikdad, Filistinli gruplar\u0131 birle\u015ftirmenin ve aralar\u0131ndaki diyalogun Filistin halk\u0131n\u0131n yarar\u0131na olaca\u011f\u0131n\u0131 vurgulad\u0131.<\/p>\n<p style=\"text-align: justify;\">Bakan Mikdad, \u0130srail&#8217;in Filistin halk\u0131na y\u00f6nelik i\u015fgal uygulamalar\u0131n\u0131, i\u015fledi\u011fi su\u00e7lar\u0131, yerle\u015fim politikalar\u0131n\u0131 ve toprak ilhak\u0131n\u0131 da k\u0131nayarak, \u0130srail&#8217;in i\u015fgal etti\u011fi Suriyeli Golan ve Filistin halk\u0131na y\u00f6nelik kararlar\u0131n\u0131n bir sava\u015f su\u00e7u, insanl\u0131\u011fa kar\u015f\u0131 su\u00e7lar te\u015fkil etti\u011fini ayr\u0131ca uluslararas\u0131 me\u015fruiyet kararlar\u0131yla da ba\u011fda\u015fmad\u0131\u011f\u0131n\u0131 ifade etti.<\/p>\n<p style=\"text-align: justify;\">Kendi y\u00f6n\u00fcnden Reccub, Filistin liderli\u011finin egemen bir Filistin devletinin kurulmas\u0131 konusundaki ilkeli tutumuna ve m\u00fcltecilerin geri d\u00f6nme ve i\u015fgale her \u015fekilde direnme hakk\u0131na ba\u011fl\u0131l\u0131\u011f\u0131n\u0131 vurgulad\u0131.<\/p>\n<p style=\"text-align: justify;\">Reccub, Suriye halk\u0131n\u0131 ve y\u00f6netimini ter\u00f6re kar\u015f\u0131 elde edilen zaferlerden dolay\u0131 tebrik ederek, Suriye halk\u0131na uygulanan tek tarafl\u0131 zorlay\u0131c\u0131 yapt\u0131r\u0131mlar\u0131n kald\u0131r\u0131lmas\u0131 \u00e7a\u011fr\u0131s\u0131nda bulundu.<\/p>\n<p style=\"text-align: justify;\">Reccub ayr\u0131ca, El Fetih&#8217;in b\u00f6lgesel ve uluslararas\u0131 arenalarda Filistin haklar\u0131n\u0131 savunmada g\u00fc\u00e7l\u00fc bir pozisyon elde etmek i\u00e7in t\u00fcm Filistinli taraflarla ileti\u015fim ve diyalog kurma konusundaki isteklili\u011fini de vurgulad\u0131.<\/p>\n<p style=\"text-align: justify;\">G\u00f6r\u00fc\u015fmeye, D\u0131\u015fi\u015fleri ve Gurbet\u00e7iler Bakan Yard\u0131mc\u0131s\u0131 Be\u015far El Caferi, Arap \u0130\u015fleri Dairesi Ba\u015fkan\u0131 Osman Saab ve Bakan\u0131n ofisinden Rua \u015eurbaci, Filistin taraf\u0131ndan El Fetih Hareketi Merkez Komitesi \u00fcyeleri Ruhi Fettuhi ve Ahmed Halas ile Filistin&#8217;in \u015eam B\u00fcy\u00fckel\u00e7isi Semir El Rifai kat\u0131ld\u0131.<\/p>\n","protected":false},"excerpt":{"rendered":"<p>\u015eAM &#8211; D\u0131\u015fi\u015fleri ve Gurbet\u00e7iler Bakan\u0131 Dr. Faysal Mikdad, Filistin Ulusal Kurtulu\u015f Hareketi &#8220;Fetih&#8221; Merkez Komitesi Sekreteri T\u00fcmgeneral Cibril Reccub ve beraberindeki heyet ile Suriye, Filistin ve b\u00f6lgedeki durumu g\u00f6r\u00fc\u015ft\u00fc. G\u00f6r\u00fc\u015fmenin ba\u015f\u0131nda Reccub, Filistin Devlet Ba\u015fkan\u0131 Mahmud Abbas&#8217;\u0131n Cumhurba\u015fkan\u0131 Be\u015f\u015far Esad&#8217;a hitaben yazd\u0131\u011f\u0131 bir mektubu Bakan Mikdad&#8217;a teslim etti. Bakan Mikdad, Suriye&#8217;nin Filistin halk\u0131n\u0131n topraklar\u0131nda &hellip;<\/p>\n","protected":false},"author":1,"featured_media":248257,"comment_status":"closed","ping_status":"closed","sticky":false,"template":"","format":"standard","meta":{"footnotes":""},"categories":[479,17988,478],"tags":[],"class_list":["post-248256","post","type-post","status-publish","format-standard","has-post-thumbnail","","category-haberler-yerel","category-son-haberler","category-yerel"],"_links":{"self":[{"href":"https:\/\/archive.sana.sy\/tr\/index.php?rest_route=\/wp\/v2\/posts\/248256","targetHints":{"allow":["GET"]}}],"collection":[{"href":"https:\/\/archive.sana.sy\/tr\/index.php?rest_route=\/wp\/v2\/posts"}],"about":[{"href":"https:\/\/archive.sana.sy\/tr\/index.php?rest_route=\/wp\/v2\/types\/post"}],"author":[{"embeddable":true,"href":"https:\/\/archive.sana.sy\/tr\/index.php?rest_route=\/wp\/v2\/users\/1"}],"replies":[{"embeddable":true,"href":"https:\/\/archive.sana.sy\/tr\/index.php?rest_route=%2Fwp%2Fv2%2Fcomments&post=248256"}],"version-history":[{"count":0,"href":"https:\/\/archive.sana.sy\/tr\/index.php?rest_route=\/wp\/v2\/posts\/248256\/revisions"}],"wp:featuredmedia":[{"embeddable":true,"href":"https:\/\/archive.sana.sy\/tr\/index.php?rest_route=\/wp\/v2\/media\/248257"}],"wp:attachment":[{"href":"https:\/\/archive.sana.sy\/tr\/index.php?rest_route=%2Fwp%2Fv2%2Fmedia&parent=248256"}],"wp:term":[{"taxonomy":"category","embeddable":true,"href":"https:\/\/archive.sana.sy\/tr\/index.php?rest_route=%2Fwp%2Fv2%2Fcategories&post=248256"},{"taxonomy":"post_tag","embeddable":true,"href":"https:\/\/archive.sana.sy\/tr\/index.php?rest_route=%2Fwp%2Fv2%2Ftags&post=248256"}],"curies":[{"name":"wp","href":"https:\/\/api.w.org\/{rel}","templated":true}]}}