{"id":248275,"date":"2022-01-10T14:35:02","date_gmt":"2022-01-10T12:35:02","guid":{"rendered":"http:\/\/107.6.182.27\/tr\/?p=248275"},"modified":"2022-01-12T08:11:16","modified_gmt":"2022-01-12T06:11:16","slug":"dsg-milisleri-rakka-kirsalinda-baskinlar-duzenleyerek-40-fazla-vatandasi-kacirdi","status":"publish","type":"post","link":"https:\/\/archive.sana.sy\/tr\/?p=248275","title":{"rendered":"\u201cDSG\u201d Milisleri Rakka K\u0131rsal\u0131nda Bask\u0131nlar D\u00fczenleyerek 40 Fazla Vatanda\u015f\u0131 Ka\u00e7\u0131rd\u0131"},"content":{"rendered":"<p style=\"text-align: justify;\">RAKKA \u2013 Amerikan i\u015fgalinden destekli \u201cDSG\u201d milisleri bug\u00fcn Rakka k\u0131rsal\u0131n\u0131n bat\u0131s\u0131ndaki el Suveydiye Beldesinde bask\u0131n kampanyas\u0131 d\u00fczenledi.<\/p>\n<p style=\"text-align: justify;\">Bahsedilen beldede d\u00fcn \u201cDSG\u201d milislerine kar\u015f\u0131 yer alan protesto g\u00f6sterilerine cevap olarak milislerin d\u00fczenledi\u011fi bask\u0131nlarda yerel kaynaklara g\u00f6re di\u011fer b\u00f6lgelerden gelen takviye \u201cDSG\u201dli gruplar da kat\u0131ld\u0131.<\/p>\n<p style=\"text-align: justify;\">Kaynaklar, \u201cDSG\u201d milislerinin \u201ctam bir ku\u015fatma uygulad\u0131\u011f\u0131n\u0131 ve el Suveydiye beldesinin giri\u015f ve \u00e7\u0131k\u0131\u015flar\u0131na bariyerler kurdu\u011funu ve kasaban\u0131n 40&#8217;tan fazla sakinini ka\u00e7\u0131r\u0131p onlar\u0131 bilinmeyen bir y\u00f6ne g\u00f6t\u00fcrd\u00fc\u011f\u00fcn\u00fc\u201d de s\u00f6zlerine ekledi.<\/p>\n<p style=\"text-align: justify;\">P.M.<\/p>\n","protected":false},"excerpt":{"rendered":"<p>RAKKA \u2013 Amerikan i\u015fgalinden destekli \u201cDSG\u201d milisleri bug\u00fcn Rakka k\u0131rsal\u0131n\u0131n bat\u0131s\u0131ndaki el Suveydiye Beldesinde bask\u0131n kampanyas\u0131 d\u00fczenledi. Bahsedilen beldede d\u00fcn \u201cDSG\u201d milislerine kar\u015f\u0131 yer alan protesto g\u00f6sterilerine cevap olarak milislerin d\u00fczenledi\u011fi bask\u0131nlarda yerel kaynaklara g\u00f6re di\u011fer b\u00f6lgelerden gelen takviye \u201cDSG\u201dli gruplar da kat\u0131ld\u0131. Kaynaklar, \u201cDSG\u201d milislerinin \u201ctam bir ku\u015fatma uygulad\u0131\u011f\u0131n\u0131 ve el Suveydiye beldesinin giri\u015f &hellip;<\/p>\n","protected":false},"author":1,"featured_media":248276,"comment_status":"closed","ping_status":"closed","sticky":false,"template":"","format":"standard","meta":{"footnotes":""},"categories":[479,575,17988,478],"tags":[],"class_list":["post-248275","post","type-post","status-publish","format-standard","has-post-thumbnail","","category-haberler-yerel","category-olaylar-ve-gercekler","category-son-haberler","category-yerel"],"_links":{"self":[{"href":"https:\/\/archive.sana.sy\/tr\/index.php?rest_route=\/wp\/v2\/posts\/248275","targetHints":{"allow":["GET"]}}],"collection":[{"href":"https:\/\/archive.sana.sy\/tr\/index.php?rest_route=\/wp\/v2\/posts"}],"about":[{"href":"https:\/\/archive.sana.sy\/tr\/index.php?rest_route=\/wp\/v2\/types\/post"}],"author":[{"embeddable":true,"href":"https:\/\/archive.sana.sy\/tr\/index.php?rest_route=\/wp\/v2\/users\/1"}],"replies":[{"embeddable":true,"href":"https:\/\/archive.sana.sy\/tr\/index.php?rest_route=%2Fwp%2Fv2%2Fcomments&post=248275"}],"version-history":[{"count":0,"href":"https:\/\/archive.sana.sy\/tr\/index.php?rest_route=\/wp\/v2\/posts\/248275\/revisions"}],"wp:featuredmedia":[{"embeddable":true,"href":"https:\/\/archive.sana.sy\/tr\/index.php?rest_route=\/wp\/v2\/media\/248276"}],"wp:attachment":[{"href":"https:\/\/archive.sana.sy\/tr\/index.php?rest_route=%2Fwp%2Fv2%2Fmedia&parent=248275"}],"wp:term":[{"taxonomy":"category","embeddable":true,"href":"https:\/\/archive.sana.sy\/tr\/index.php?rest_route=%2Fwp%2Fv2%2Fcategories&post=248275"},{"taxonomy":"post_tag","embeddable":true,"href":"https:\/\/archive.sana.sy\/tr\/index.php?rest_route=%2Fwp%2Fv2%2Ftags&post=248275"}],"curies":[{"name":"wp","href":"https:\/\/api.w.org\/{rel}","templated":true}]}}