{"id":248278,"date":"2022-01-10T15:14:12","date_gmt":"2022-01-10T13:14:12","guid":{"rendered":"http:\/\/107.6.182.27\/tr\/?p=248278"},"modified":"2022-01-12T08:11:28","modified_gmt":"2022-01-12T06:11:28","slug":"el-rajjub-suriye-ziyareti-isgalin-tirmanmasi-isiginda-filistin-durumunu-formule-etmek-icin-bir-basamak-tasi","status":"publish","type":"post","link":"https:\/\/archive.sana.sy\/tr\/?p=248278","title":{"rendered":"El Rajjub: Suriye Ziyareti, \u0130\u015fgalin T\u0131rmanmas\u0131 I\u015f\u0131\u011f\u0131nda Filistin Durumunu Form\u00fcle Etmek \u0130\u00e7in Bir Basamak Ta\u015f\u0131"},"content":{"rendered":"<p>\u015eAM \u2013 Filistin Ulusal Kurtulu\u015f Hareketi \u201cFetih\u201d Merkez Komitesi Sekreteri T\u00fcmgeneral Cibril Rajjub, Suriye&#8217;nin Arap Birli\u011fi d\u0131\u015f\u0131ndaki varl\u0131\u011f\u0131n\u0131n \u201cAraplar i\u00e7in bir y\u00fczkaras\u0131\u201d oldu\u011funu belirtirken, \u00f6zellikle de Suriye Arap Birli\u011fi&#8217;nin kurucu devleti oldu\u011funa ve \u00fcyeli\u011fini yeniden kazanmas\u0131 gerekti\u011fine i\u015faret etti.<\/p>\n<p>Bug\u00fcn \u015eam&#8217;daki el \u015eam Otel&#8217;de d\u00fczenledi\u011fi bas\u0131n toplant\u0131s\u0131nda Rajoub, \u015eam ziyaretinin ve beraberindeki heyetin, \u0130srail i\u015fgalinin Filistin davas\u0131n\u0131 sona erdirmek i\u00e7in benzeri g\u00f6r\u00fclmemi\u015f t\u0131rman\u0131\u015f\u0131 \u0131\u015f\u0131\u011f\u0131nda Filistin durumunu form\u00fcle etmek i\u00e7in ger\u00e7ek bir at\u0131l\u0131m te\u015fkil edece\u011fini a\u00e7\u0131k\u00e7a belirtti.<\/p>\n<p>Rajjub, &#8220;Filistin Devlet Ba\u015fkan\u0131 Mahmud Abbas&#8217;\u0131n Suriye&#8217;ye yapt\u0131\u011f\u0131 yak\u0131n ziyarete&#8221; at\u0131fta bulunarak, Suriye halk\u0131na ve y\u00f6netimine, ge\u00e7ti\u011fimiz y\u0131llarda ya\u015fad\u0131\u011f\u0131 zor ko\u015fullara ra\u011fmen Filistin davas\u0131na y\u00f6nelik kararl\u0131 duru\u015flar\u0131ndan dolay\u0131 te\u015fekk\u00fcrlerini ifade etti.<\/p>\n<p>Rajjub, \u0130srail i\u015fgalinin Filistin&#8217;i Yahudile\u015ftirme, Kud\u00fcs&#8217;teki ulusal duruma son verme ve i\u015fgal alt\u0131ndaki t\u00fcm topraklarda benzeri g\u00f6r\u00fclmemi\u015f bir yerle\u015fim kampanyas\u0131 ba\u015flatma giri\u015fimlerinin yo\u011funla\u015fmas\u0131 nedeniyle bunun Filistin davas\u0131 tarihindeki en zor a\u015fama oldu\u011funu belirtti.<\/p>\n<p>P.M.<\/p>\n","protected":false},"excerpt":{"rendered":"<p>\u015eAM \u2013 Filistin Ulusal Kurtulu\u015f Hareketi \u201cFetih\u201d Merkez Komitesi Sekreteri T\u00fcmgeneral Cibril Rajjub, Suriye&#8217;nin Arap Birli\u011fi d\u0131\u015f\u0131ndaki varl\u0131\u011f\u0131n\u0131n \u201cAraplar i\u00e7in bir y\u00fczkaras\u0131\u201d oldu\u011funu belirtirken, \u00f6zellikle de Suriye Arap Birli\u011fi&#8217;nin kurucu devleti oldu\u011funa ve \u00fcyeli\u011fini yeniden kazanmas\u0131 gerekti\u011fine i\u015faret etti. Bug\u00fcn \u015eam&#8217;daki el \u015eam Otel&#8217;de d\u00fczenledi\u011fi bas\u0131n toplant\u0131s\u0131nda Rajoub, \u015eam ziyaretinin ve beraberindeki heyetin, \u0130srail i\u015fgalinin &hellip;<\/p>\n","protected":false},"author":1,"featured_media":248279,"comment_status":"closed","ping_status":"closed","sticky":false,"template":"","format":"standard","meta":{"footnotes":""},"categories":[479,17988,478],"tags":[],"class_list":["post-248278","post","type-post","status-publish","format-standard","has-post-thumbnail","","category-haberler-yerel","category-son-haberler","category-yerel"],"_links":{"self":[{"href":"https:\/\/archive.sana.sy\/tr\/index.php?rest_route=\/wp\/v2\/posts\/248278","targetHints":{"allow":["GET"]}}],"collection":[{"href":"https:\/\/archive.sana.sy\/tr\/index.php?rest_route=\/wp\/v2\/posts"}],"about":[{"href":"https:\/\/archive.sana.sy\/tr\/index.php?rest_route=\/wp\/v2\/types\/post"}],"author":[{"embeddable":true,"href":"https:\/\/archive.sana.sy\/tr\/index.php?rest_route=\/wp\/v2\/users\/1"}],"replies":[{"embeddable":true,"href":"https:\/\/archive.sana.sy\/tr\/index.php?rest_route=%2Fwp%2Fv2%2Fcomments&post=248278"}],"version-history":[{"count":0,"href":"https:\/\/archive.sana.sy\/tr\/index.php?rest_route=\/wp\/v2\/posts\/248278\/revisions"}],"wp:featuredmedia":[{"embeddable":true,"href":"https:\/\/archive.sana.sy\/tr\/index.php?rest_route=\/wp\/v2\/media\/248279"}],"wp:attachment":[{"href":"https:\/\/archive.sana.sy\/tr\/index.php?rest_route=%2Fwp%2Fv2%2Fmedia&parent=248278"}],"wp:term":[{"taxonomy":"category","embeddable":true,"href":"https:\/\/archive.sana.sy\/tr\/index.php?rest_route=%2Fwp%2Fv2%2Fcategories&post=248278"},{"taxonomy":"post_tag","embeddable":true,"href":"https:\/\/archive.sana.sy\/tr\/index.php?rest_route=%2Fwp%2Fv2%2Ftags&post=248278"}],"curies":[{"name":"wp","href":"https:\/\/api.w.org\/{rel}","templated":true}]}}