{"id":24835,"date":"2015-02-25T12:48:16","date_gmt":"2015-02-25T10:48:16","guid":{"rendered":"http:\/\/www.sana.sy\/tr\/?p=24835"},"modified":"2015-02-25T12:48:16","modified_gmt":"2015-02-25T10:48:16","slug":"kisa-metrajli-uluslararasi-sinema-adimlari-festivali","status":"publish","type":"post","link":"https:\/\/archive.sana.sy\/tr\/?p=24835","title":{"rendered":"K\u0131sa Metrajl\u0131 Uluslararas\u0131 Sinema Ad\u0131mlar\u0131 Festivali"},"content":{"rendered":"<p>K\u0131sa Metrajl\u0131 Uluslararas\u0131 Sinema Ad\u0131mlar\u0131 Festivali<\/p>\n","protected":false},"excerpt":{"rendered":"<p>K\u0131sa Metrajl\u0131 Uluslararas\u0131 Sinema Ad\u0131mlar\u0131 Festivali<\/p>\n","protected":false},"author":1,"featured_media":24841,"comment_status":"closed","ping_status":"closed","sticky":false,"template":"","format":"standard","meta":{"footnotes":""},"categories":[573],"tags":[11842],"class_list":["post-24835","post","type-post","status-publish","format-standard","has-post-thumbnail","","category-goruntulu-olaylar","tag-kisa-metrajli-uluslararasi-sinema-adimlari-festivali"],"_links":{"self":[{"href":"https:\/\/archive.sana.sy\/tr\/index.php?rest_route=\/wp\/v2\/posts\/24835","targetHints":{"allow":["GET"]}}],"collection":[{"href":"https:\/\/archive.sana.sy\/tr\/index.php?rest_route=\/wp\/v2\/posts"}],"about":[{"href":"https:\/\/archive.sana.sy\/tr\/index.php?rest_route=\/wp\/v2\/types\/post"}],"author":[{"embeddable":true,"href":"https:\/\/archive.sana.sy\/tr\/index.php?rest_route=\/wp\/v2\/users\/1"}],"replies":[{"embeddable":true,"href":"https:\/\/archive.sana.sy\/tr\/index.php?rest_route=%2Fwp%2Fv2%2Fcomments&post=24835"}],"version-history":[{"count":0,"href":"https:\/\/archive.sana.sy\/tr\/index.php?rest_route=\/wp\/v2\/posts\/24835\/revisions"}],"wp:featuredmedia":[{"embeddable":true,"href":"https:\/\/archive.sana.sy\/tr\/index.php?rest_route=\/wp\/v2\/media\/24841"}],"wp:attachment":[{"href":"https:\/\/archive.sana.sy\/tr\/index.php?rest_route=%2Fwp%2Fv2%2Fmedia&parent=24835"}],"wp:term":[{"taxonomy":"category","embeddable":true,"href":"https:\/\/archive.sana.sy\/tr\/index.php?rest_route=%2Fwp%2Fv2%2Fcategories&post=24835"},{"taxonomy":"post_tag","embeddable":true,"href":"https:\/\/archive.sana.sy\/tr\/index.php?rest_route=%2Fwp%2Fv2%2Ftags&post=24835"}],"curies":[{"name":"wp","href":"https:\/\/api.w.org\/{rel}","templated":true}]}}