{"id":248381,"date":"2022-01-12T18:36:26","date_gmt":"2022-01-12T16:36:26","guid":{"rendered":"http:\/\/107.6.182.27\/tr\/?p=248381"},"modified":"2022-01-12T18:36:26","modified_gmt":"2022-01-12T16:36:26","slug":"suriyede-ilk-kez-suriye-ozel-olimpiyatlar-kurumundan-bir-ekip-4-saatligine-milli-egitim-bakanliginin-calismalarini-teslim-aldi","status":"publish","type":"post","link":"https:\/\/archive.sana.sy\/tr\/?p=248381","title":{"rendered":"Suriye&#8217;de \u0130lk Kez: Suriye \u00d6zel Olimpiyatlar Kurumundan Bir Ekip, 4 Saatli\u011fine Milli E\u011fitim Bakanl\u0131\u011f\u0131&#8217;n\u0131n \u00c7al\u0131\u015fmalar\u0131n\u0131 Teslim Ald\u0131"},"content":{"rendered":"<p style=\"text-align: justify;\">\u015eAM \u2013 Toplumla b\u00fct\u00fcnle\u015fmelerini sa\u011flamak i\u00e7in ve \u201c\u0130radeyle.. Yapabilirim.. Liderim\u201d slogan\u0131yla bug\u00fcn, Suriye \u00d6zel Olimpiyatlar\u0131 temsilcilerinden olu\u015fan bir ekip, 4 saatlik bir s\u00fcreline Milli E\u011fitim Bakanl\u0131\u011f\u0131&#8217;n\u0131n \u00e7al\u0131\u015fmalar\u0131n\u0131 teslim ald\u0131<br \/>\nSuriye&#8217;de ilk kez d\u00fczenlenen etkinli\u011fe, Suriye \u00d6zel Olimpiyatlar Kurumundan Liderler Program\u0131na kat\u0131lan &#8220;Down sendromlu&#8221; farkl\u0131 ya\u015f gruplar\u0131ndan 16 temsilci kat\u0131ld\u0131.<br \/>\nBakan\u0131n yerini ve bakanl\u0131k m\u00fcd\u00fcrl\u00fcklerini devralan ekibin her birinde \u00e7al\u0131\u015fma i\u015flerini takip etmesiyle ba\u015flayan etkinlik, varsay\u0131lan E\u011fitim Bakan\u0131, varsay\u0131lan y\u00f6neticilerle, engellilerin yeteneklerini kullanma ger\u00e7e\u011fini tart\u0131\u015fmak i\u00e7in bir araya gelip tart\u0131\u015fman\u0131n ard\u0131ndan Down sendromlu insanlar\u0131 destekleyen kararlar\u0131n \u00e7\u0131kar\u0131lmas\u0131 konusunda anla\u015fmaya var\u0131lacak.<\/p>\n","protected":false},"excerpt":{"rendered":"<p>\u015eAM \u2013 Toplumla b\u00fct\u00fcnle\u015fmelerini sa\u011flamak i\u00e7in ve \u201c\u0130radeyle.. Yapabilirim.. Liderim\u201d slogan\u0131yla bug\u00fcn, Suriye \u00d6zel Olimpiyatlar\u0131 temsilcilerinden olu\u015fan bir ekip, 4 saatlik bir s\u00fcreline Milli E\u011fitim Bakanl\u0131\u011f\u0131&#8217;n\u0131n \u00e7al\u0131\u015fmalar\u0131n\u0131 teslim ald\u0131 Suriye&#8217;de ilk kez d\u00fczenlenen etkinli\u011fe, Suriye \u00d6zel Olimpiyatlar Kurumundan Liderler Program\u0131na kat\u0131lan &#8220;Down sendromlu&#8221; farkl\u0131 ya\u015f gruplar\u0131ndan 16 temsilci kat\u0131ld\u0131. Bakan\u0131n yerini ve bakanl\u0131k m\u00fcd\u00fcrl\u00fcklerini devralan &hellip;<\/p>\n","protected":false},"author":1,"featured_media":248382,"comment_status":"closed","ping_status":"closed","sticky":false,"template":"","format":"standard","meta":{"footnotes":""},"categories":[17988],"tags":[],"class_list":["post-248381","post","type-post","status-publish","format-standard","has-post-thumbnail","","category-son-haberler"],"_links":{"self":[{"href":"https:\/\/archive.sana.sy\/tr\/index.php?rest_route=\/wp\/v2\/posts\/248381","targetHints":{"allow":["GET"]}}],"collection":[{"href":"https:\/\/archive.sana.sy\/tr\/index.php?rest_route=\/wp\/v2\/posts"}],"about":[{"href":"https:\/\/archive.sana.sy\/tr\/index.php?rest_route=\/wp\/v2\/types\/post"}],"author":[{"embeddable":true,"href":"https:\/\/archive.sana.sy\/tr\/index.php?rest_route=\/wp\/v2\/users\/1"}],"replies":[{"embeddable":true,"href":"https:\/\/archive.sana.sy\/tr\/index.php?rest_route=%2Fwp%2Fv2%2Fcomments&post=248381"}],"version-history":[{"count":0,"href":"https:\/\/archive.sana.sy\/tr\/index.php?rest_route=\/wp\/v2\/posts\/248381\/revisions"}],"wp:featuredmedia":[{"embeddable":true,"href":"https:\/\/archive.sana.sy\/tr\/index.php?rest_route=\/wp\/v2\/media\/248382"}],"wp:attachment":[{"href":"https:\/\/archive.sana.sy\/tr\/index.php?rest_route=%2Fwp%2Fv2%2Fmedia&parent=248381"}],"wp:term":[{"taxonomy":"category","embeddable":true,"href":"https:\/\/archive.sana.sy\/tr\/index.php?rest_route=%2Fwp%2Fv2%2Fcategories&post=248381"},{"taxonomy":"post_tag","embeddable":true,"href":"https:\/\/archive.sana.sy\/tr\/index.php?rest_route=%2Fwp%2Fv2%2Ftags&post=248381"}],"curies":[{"name":"wp","href":"https:\/\/api.w.org\/{rel}","templated":true}]}}