{"id":248441,"date":"2022-01-13T18:29:02","date_gmt":"2022-01-13T16:29:02","guid":{"rendered":"http:\/\/107.6.182.27\/tr\/?p=248441"},"modified":"2022-01-14T11:26:12","modified_gmt":"2022-01-14T09:26:12","slug":"mikdad-atariye-suriye-filistin-halkinin-haklarini-ve-topraklarini-ve-kutsal-alanlarini-savunmasini-desteklemeye-devam-ediyor","status":"publish","type":"post","link":"https:\/\/archive.sana.sy\/tr\/?p=248441","title":{"rendered":"Mikdad Atari&#8217;ye: Suriye, Filistin Halk\u0131n\u0131n Haklar\u0131n\u0131 Ve Topraklar\u0131n\u0131 Ve Kutsal Alanlar\u0131n\u0131 Savunmas\u0131n\u0131 Desteklemeye Devam Ediyor"},"content":{"rendered":"<p style=\"text-align: justify;\">\u015eAM &#8211; D\u0131\u015fi\u015fleri ve Gurbet\u00e7iler Bakan\u0131 Dr. Faysal Mikdad, Suriye&#8217;nin Filistin halk\u0131n\u0131n haklar\u0131na verdi\u011fi deste\u011fi ve topraklar\u0131n\u0131 ve kutsal alanlar\u0131n\u0131 savunmak i\u00e7in verdikleri onurlu m\u00fccadeleyi belirtti.<\/p>\n<p style=\"text-align: justify;\">Filistin Devleti Tar\u0131m Bakan\u0131 Riyad Atari ve beraberindeki heyetle bug\u00fcn yapt\u0131\u011f\u0131 g\u00f6r\u00fc\u015fmede Bakan Mikdad, Suriye&#8217;nin Filistin halk\u0131n\u0131n kendi topraklar\u0131nda ba\u011f\u0131ms\u0131z devletlerinin kurulmas\u0131 da dahil olmak \u00fczere me\u015fru ve devredilemez haklar\u0131na inand\u0131\u011f\u0131na dikkat \u00e7ekerek, topra\u011f\u0131n bu \u00e7at\u0131\u015fman\u0131n \u00f6z\u00fc oldu\u011funu, Filistinli \u00e7ift\u00e7ilerin topraklar\u0131ndaki sebatlar\u0131, i\u015fgale direnen ve haklar\u0131n\u0131 koruyan ilk cephe oldu\u011funu belirtti.<\/p>\n<p style=\"text-align: justify;\">Yerle\u015fimcilik politikalar\u0131n\u0131 ve topraklar\u0131n ilhak\u0131n\u0131 k\u0131nayan Dr. Mikdad, ister Suriye&#8217;de ister Filistin&#8217;de g\u0131da g\u00fcvenli\u011finin a\u011f\u0131rl\u0131kl\u0131 olarak tar\u0131m sekt\u00f6r\u00fcne ba\u011fl\u0131 oldu\u011funa i\u015faret ederek, tek tarafl\u0131 bask\u0131lara kar\u015f\u0131 sebat etmenin bunun \u00f6nemli g\u00f6stergelerinden biri oldu\u011funa dikkat \u00e7ekti.<\/p>\n<p style=\"text-align: justify;\">Kendi y\u00f6n\u00fcnden Bakan Atari, her iki \u00fclkede de tar\u0131m sekt\u00f6r\u00fcn\u00fcn ilerlemesini ve geli\u015fmesini sa\u011flamak i\u00e7in Suriye ve Filistin aras\u0131ndaki bilimsel ara\u015ft\u0131rmalar \u00e7er\u00e7evesinde \u00e7abalar\u0131 birle\u015ftirmek i\u00e7in bu ziyaretin \u00f6nemini vurgulayarak ACSAD&#8217;\u0131n Filistin taraf\u0131n\u0131 davet etmesinden dolay\u0131 takdirlerini dile getirerek, Filistin Devleti&#8217;ndeki Tar\u0131m Bakanl\u0131\u011f\u0131&#8217;n\u0131n Filistin i\u00e7in ilk savunma hatt\u0131 oldu\u011funu, \u00e7\u00fcnk\u00fc Filistin topraklar\u0131n\u0131n meselenin temeli oldu\u011funu, onu koruman\u0131n ve ona ba\u011fl\u0131 kalman\u0131n Filistin i\u00e7in bir \u00f6ncelik oldu\u011funu vurgulad\u0131.<\/p>\n<p style=\"text-align: justify;\">Bakan Atari, gazetecilere yapt\u0131\u011f\u0131 a\u00e7\u0131klamada, toplant\u0131n\u0131n verimli ge\u00e7ti\u011fini ve Suriye&#8217;nin t\u00fcm platformlarda Filistin davas\u0131n\u0131 destekleyen tutumuna dikkat \u00e7ekerek, Bat\u0131 Yaka&#8217;daki en \u00f6nemli olaylar\u0131n, \u00f6zellikle i\u015fgal varl\u0131\u011f\u0131n\u0131n s\u00fcrekli sald\u0131r\u0131lar\u0131 ve siyasi ufkun t\u0131kanmas\u0131n\u0131n ele al\u0131nd\u0131\u011f\u0131n\u0131 a\u00e7\u0131klad\u0131.<\/p>\n<p style=\"text-align: justify;\">Toplant\u0131ya D\u0131\u015fi\u015fleri ve Gurbet\u00e7iler Bakan Yard\u0131mc\u0131s\u0131 Dr. Be\u015f\u015far Caferi, Arap \u0130\u015fleri Dairesi M\u00fcd\u00fcr\u00fc Osman Saab, Bakan&#8217;\u0131n ofisinden Rua \u015eurbaci, Visam Al Nahhas, Filistin taraf\u0131ndan ise Filistin Tar\u0131m Bakanl\u0131\u011f\u0131 M\u00fcste\u015far\u0131 Abdullah Lahluh, Tar\u0131m Bakanl\u0131\u011f\u0131 Uluslararas\u0131 \u0130li\u015fkiler Genel M\u00fcd\u00fcr\u00fc Dr. \u0130zzettin Abu Arkub ve ACSAD Merkezi&#8217;nden uzmanlar kat\u0131ld\u0131.<\/p>\n<p style=\"text-align: justify;\">Toplant\u0131ya ayr\u0131ca, Arap Kurak B\u00f6lgeler ve Kurak Topraklar Ara\u015ft\u0131rmalar\u0131 Merkezi (ACSAD) Direkt\u00f6r\u00fc Dr. Nasreddin El Obeyd de kat\u0131ld\u0131.<\/p>\n","protected":false},"excerpt":{"rendered":"<p>\u015eAM &#8211; D\u0131\u015fi\u015fleri ve Gurbet\u00e7iler Bakan\u0131 Dr. Faysal Mikdad, Suriye&#8217;nin Filistin halk\u0131n\u0131n haklar\u0131na verdi\u011fi deste\u011fi ve topraklar\u0131n\u0131 ve kutsal alanlar\u0131n\u0131 savunmak i\u00e7in verdikleri onurlu m\u00fccadeleyi belirtti. Filistin Devleti Tar\u0131m Bakan\u0131 Riyad Atari ve beraberindeki heyetle bug\u00fcn yapt\u0131\u011f\u0131 g\u00f6r\u00fc\u015fmede Bakan Mikdad, Suriye&#8217;nin Filistin halk\u0131n\u0131n kendi topraklar\u0131nda ba\u011f\u0131ms\u0131z devletlerinin kurulmas\u0131 da dahil olmak \u00fczere me\u015fru ve devredilemez &hellip;<\/p>\n","protected":false},"author":1,"featured_media":248442,"comment_status":"closed","ping_status":"closed","sticky":false,"template":"","format":"standard","meta":{"footnotes":""},"categories":[479,17988,478],"tags":[],"class_list":["post-248441","post","type-post","status-publish","format-standard","has-post-thumbnail","","category-haberler-yerel","category-son-haberler","category-yerel"],"_links":{"self":[{"href":"https:\/\/archive.sana.sy\/tr\/index.php?rest_route=\/wp\/v2\/posts\/248441","targetHints":{"allow":["GET"]}}],"collection":[{"href":"https:\/\/archive.sana.sy\/tr\/index.php?rest_route=\/wp\/v2\/posts"}],"about":[{"href":"https:\/\/archive.sana.sy\/tr\/index.php?rest_route=\/wp\/v2\/types\/post"}],"author":[{"embeddable":true,"href":"https:\/\/archive.sana.sy\/tr\/index.php?rest_route=\/wp\/v2\/users\/1"}],"replies":[{"embeddable":true,"href":"https:\/\/archive.sana.sy\/tr\/index.php?rest_route=%2Fwp%2Fv2%2Fcomments&post=248441"}],"version-history":[{"count":0,"href":"https:\/\/archive.sana.sy\/tr\/index.php?rest_route=\/wp\/v2\/posts\/248441\/revisions"}],"wp:featuredmedia":[{"embeddable":true,"href":"https:\/\/archive.sana.sy\/tr\/index.php?rest_route=\/wp\/v2\/media\/248442"}],"wp:attachment":[{"href":"https:\/\/archive.sana.sy\/tr\/index.php?rest_route=%2Fwp%2Fv2%2Fmedia&parent=248441"}],"wp:term":[{"taxonomy":"category","embeddable":true,"href":"https:\/\/archive.sana.sy\/tr\/index.php?rest_route=%2Fwp%2Fv2%2Fcategories&post=248441"},{"taxonomy":"post_tag","embeddable":true,"href":"https:\/\/archive.sana.sy\/tr\/index.php?rest_route=%2Fwp%2Fv2%2Ftags&post=248441"}],"curies":[{"name":"wp","href":"https:\/\/api.w.org\/{rel}","templated":true}]}}