{"id":248447,"date":"2022-01-13T18:34:05","date_gmt":"2022-01-13T16:34:05","guid":{"rendered":"http:\/\/107.6.182.27\/tr\/?p=248447"},"modified":"2022-01-14T09:01:50","modified_gmt":"2022-01-14T07:01:50","slug":"iraka-narenciye-sevkiyatlari-onumuzdeki-hafta-basliyor","status":"publish","type":"post","link":"https:\/\/archive.sana.sy\/tr\/?p=248447","title":{"rendered":"Irak&#8217;a Narenciye Sevkiyatlar\u0131 \u00d6n\u00fcm\u00fczdeki Hafta Ba\u015fl\u0131yor"},"content":{"rendered":"<p style=\"text-align: justify;\">\u015eAM &#8211; Ziraat Odalar\u0131 Federasyonu Ba\u015fkan\u0131 Muhammed Ke\u015fto, kom\u015fu \u00fclkelere narenciye ihracat\u0131 i\u00e7in s\u00f6zle\u015fme imzaland\u0131\u011f\u0131n\u0131 ve \u00f6n\u00fcm\u00fczdeki haftadan itibaren Irak&#8217;a ihracat sevkiyatlar\u0131n\u0131n ba\u015flayaca\u011f\u0131n\u0131 a\u00e7\u0131klad\u0131.<\/p>\n<p style=\"text-align: justify;\">SANA&#8217;ya yapt\u0131\u011f\u0131 a\u00e7\u0131klamada Ke\u015fto, kom\u015fu \u00fclkelere narenciye ihracat\u0131 i\u00e7in d\u00fcn birka\u00e7 s\u00f6zle\u015fmenin imzaland\u0131\u011f\u0131n\u0131, h\u00fck\u00fcmetin son olarak ald\u0131\u011f\u0131 icraatlarla narenciyenin sahil kesimden di\u011fer illere ak\u0131\u015f\u0131n\u0131 aksatan engellerin \u00e7o\u011funun a\u015f\u0131lmas\u0131na ayr\u0131ca kom\u015fu \u00fclkelere ihracat\u0131 te\u015fvik etmede katk\u0131da bulundu\u011funu belirterek bu tedbirlerin \u00f6n\u00fcm\u00fczdeki mevismlerde de devam etmesini talep etti.<\/p>\n","protected":false},"excerpt":{"rendered":"<p>\u015eAM &#8211; Ziraat Odalar\u0131 Federasyonu Ba\u015fkan\u0131 Muhammed Ke\u015fto, kom\u015fu \u00fclkelere narenciye ihracat\u0131 i\u00e7in s\u00f6zle\u015fme imzaland\u0131\u011f\u0131n\u0131 ve \u00f6n\u00fcm\u00fczdeki haftadan itibaren Irak&#8217;a ihracat sevkiyatlar\u0131n\u0131n ba\u015flayaca\u011f\u0131n\u0131 a\u00e7\u0131klad\u0131. SANA&#8217;ya yapt\u0131\u011f\u0131 a\u00e7\u0131klamada Ke\u015fto, kom\u015fu \u00fclkelere narenciye ihracat\u0131 i\u00e7in d\u00fcn birka\u00e7 s\u00f6zle\u015fmenin imzaland\u0131\u011f\u0131n\u0131, h\u00fck\u00fcmetin son olarak ald\u0131\u011f\u0131 icraatlarla narenciyenin sahil kesimden di\u011fer illere ak\u0131\u015f\u0131n\u0131 aksatan engellerin \u00e7o\u011funun a\u015f\u0131lmas\u0131na ayr\u0131ca kom\u015fu \u00fclkelere &hellip;<\/p>\n","protected":false},"author":1,"featured_media":248448,"comment_status":"closed","ping_status":"closed","sticky":false,"template":"","format":"standard","meta":{"footnotes":""},"categories":[485,486,17988],"tags":[],"class_list":["post-248447","post","type-post","status-publish","format-standard","has-post-thumbnail","","category-is-ve-sermaye","category-haberler-is-ve-sermaye","category-son-haberler"],"_links":{"self":[{"href":"https:\/\/archive.sana.sy\/tr\/index.php?rest_route=\/wp\/v2\/posts\/248447","targetHints":{"allow":["GET"]}}],"collection":[{"href":"https:\/\/archive.sana.sy\/tr\/index.php?rest_route=\/wp\/v2\/posts"}],"about":[{"href":"https:\/\/archive.sana.sy\/tr\/index.php?rest_route=\/wp\/v2\/types\/post"}],"author":[{"embeddable":true,"href":"https:\/\/archive.sana.sy\/tr\/index.php?rest_route=\/wp\/v2\/users\/1"}],"replies":[{"embeddable":true,"href":"https:\/\/archive.sana.sy\/tr\/index.php?rest_route=%2Fwp%2Fv2%2Fcomments&post=248447"}],"version-history":[{"count":0,"href":"https:\/\/archive.sana.sy\/tr\/index.php?rest_route=\/wp\/v2\/posts\/248447\/revisions"}],"wp:featuredmedia":[{"embeddable":true,"href":"https:\/\/archive.sana.sy\/tr\/index.php?rest_route=\/wp\/v2\/media\/248448"}],"wp:attachment":[{"href":"https:\/\/archive.sana.sy\/tr\/index.php?rest_route=%2Fwp%2Fv2%2Fmedia&parent=248447"}],"wp:term":[{"taxonomy":"category","embeddable":true,"href":"https:\/\/archive.sana.sy\/tr\/index.php?rest_route=%2Fwp%2Fv2%2Fcategories&post=248447"},{"taxonomy":"post_tag","embeddable":true,"href":"https:\/\/archive.sana.sy\/tr\/index.php?rest_route=%2Fwp%2Fv2%2Ftags&post=248447"}],"curies":[{"name":"wp","href":"https:\/\/api.w.org\/{rel}","templated":true}]}}