{"id":248458,"date":"2022-01-13T17:55:31","date_gmt":"2022-01-13T15:55:31","guid":{"rendered":"http:\/\/107.6.182.27\/tr\/?p=248458"},"modified":"2022-01-14T08:59:31","modified_gmt":"2022-01-14T06:59:31","slug":"super-futbol-ligi-10-haftasinin-acilis-macinda-vahde-nevairi-maglup-etti","status":"publish","type":"post","link":"https:\/\/archive.sana.sy\/tr\/?p=248458","title":{"rendered":"S\u00fcper Futbol Ligi 10. Haftas\u0131n\u0131n A\u00e7\u0131l\u0131\u015f Ma\u00e7\u0131nda Vahde Nevair&#8217;i Ma\u011flup Etti"},"content":{"rendered":"<p style=\"text-align: justify;\">\u015eAM \u2013 S\u00fcper futbol liginin onuncu hafta a\u00e7\u0131l\u0131\u015f ma\u00e7\u0131nda bug\u00fcn oynanan kar\u015f\u0131la\u015fmada ba\u015fkent ekibi Vahde, konuk etti\u011fi Nevair tak\u0131m\u0131n\u0131 \u015eam El Cela Stad\u0131nda oynad\u0131klar\u0131 ma\u00e7ta 1-0 yendi.<\/p>\n<p style=\"text-align: justify;\">Ma\u00e7\u0131n tek gol\u00fc 90. Dakikada penalt\u0131dan Eymen Akil kaydederken, bu galibiyetiye Vahde puan\u0131n\u0131 17&#8217;ye \u00e7\u0131kararak ge\u00e7ici olarak \u00fc\u00e7\u00fcnc\u00fcl\u00fc\u011fe y\u00fckseldi. Nevair ise 6 puanla sondan ikinci s\u0131rada.<\/p>\n<p style=\"text-align: justify;\">Bu haftan\u0131n ma\u00e7lar\u0131 yar\u0131n oynanacak, Talia-Ordu, Kerame-F\u00fct\u00fcvve, Harcelle-Te\u015frin, Hattin-Vesbe, Afrin-\u015eurta ve Ceble-\u0130ttihat kar\u015f\u0131la\u015fmalar\u0131yla tamamlanacak.<\/p>\n<p style=\"text-align: justify;\">Bug\u00fcnk\u00fc sonu\u00e7tan sonra puan durumu ge\u00e7ici olarak \u015f\u00f6yle: Vesbe 30 puan ve gol averaj\u0131yla Te\u015frin \u00f6n\u00fcnde lider, 17 panla Vahde 3., Ordu 15 puanla 4.,Kerame ve \u0130ttihat 13 puanla 5 ve 6., Ceble, Harcelle ve F\u00fct\u00fcvve 12 puanla 7-8 ve 9., Talia 10 puanla 10., Hattin 7 puanla 11., \u015eurta ve Nevair 6 puanla 12 ve 13., Afrin ise 2 puanla son s\u0131rada yer al\u0131yor.<\/p>\n","protected":false},"excerpt":{"rendered":"<p>\u015eAM \u2013 S\u00fcper futbol liginin onuncu hafta a\u00e7\u0131l\u0131\u015f ma\u00e7\u0131nda bug\u00fcn oynanan kar\u015f\u0131la\u015fmada ba\u015fkent ekibi Vahde, konuk etti\u011fi Nevair tak\u0131m\u0131n\u0131 \u015eam El Cela Stad\u0131nda oynad\u0131klar\u0131 ma\u00e7ta 1-0 yendi. Ma\u00e7\u0131n tek gol\u00fc 90. Dakikada penalt\u0131dan Eymen Akil kaydederken, bu galibiyetiye Vahde puan\u0131n\u0131 17&#8217;ye \u00e7\u0131kararak ge\u00e7ici olarak \u00fc\u00e7\u00fcnc\u00fcl\u00fc\u011fe y\u00fckseldi. Nevair ise 6 puanla sondan ikinci s\u0131rada. Bu haftan\u0131n &hellip;<\/p>\n","protected":false},"author":1,"featured_media":248459,"comment_status":"closed","ping_status":"closed","sticky":false,"template":"","format":"standard","meta":{"footnotes":""},"categories":[479,17988,496,478,497],"tags":[],"class_list":["post-248458","post","type-post","status-publish","format-standard","has-post-thumbnail","","category-haberler-yerel","category-son-haberler","category-spor","category-yerel","category-yerel-turnuvalar"],"_links":{"self":[{"href":"https:\/\/archive.sana.sy\/tr\/index.php?rest_route=\/wp\/v2\/posts\/248458","targetHints":{"allow":["GET"]}}],"collection":[{"href":"https:\/\/archive.sana.sy\/tr\/index.php?rest_route=\/wp\/v2\/posts"}],"about":[{"href":"https:\/\/archive.sana.sy\/tr\/index.php?rest_route=\/wp\/v2\/types\/post"}],"author":[{"embeddable":true,"href":"https:\/\/archive.sana.sy\/tr\/index.php?rest_route=\/wp\/v2\/users\/1"}],"replies":[{"embeddable":true,"href":"https:\/\/archive.sana.sy\/tr\/index.php?rest_route=%2Fwp%2Fv2%2Fcomments&post=248458"}],"version-history":[{"count":0,"href":"https:\/\/archive.sana.sy\/tr\/index.php?rest_route=\/wp\/v2\/posts\/248458\/revisions"}],"wp:featuredmedia":[{"embeddable":true,"href":"https:\/\/archive.sana.sy\/tr\/index.php?rest_route=\/wp\/v2\/media\/248459"}],"wp:attachment":[{"href":"https:\/\/archive.sana.sy\/tr\/index.php?rest_route=%2Fwp%2Fv2%2Fmedia&parent=248458"}],"wp:term":[{"taxonomy":"category","embeddable":true,"href":"https:\/\/archive.sana.sy\/tr\/index.php?rest_route=%2Fwp%2Fv2%2Fcategories&post=248458"},{"taxonomy":"post_tag","embeddable":true,"href":"https:\/\/archive.sana.sy\/tr\/index.php?rest_route=%2Fwp%2Fv2%2Ftags&post=248458"}],"curies":[{"name":"wp","href":"https:\/\/api.w.org\/{rel}","templated":true}]}}