{"id":248461,"date":"2022-01-13T20:07:59","date_gmt":"2022-01-13T18:07:59","guid":{"rendered":"http:\/\/107.6.182.27\/tr\/?p=248461"},"modified":"2022-01-14T09:00:33","modified_gmt":"2022-01-14T07:00:33","slug":"golandan-bir-heyet-ramallahta-filistinli-tutuklu-ebu-hamid-ile-dayanisma-yuruyuse-katildi","status":"publish","type":"post","link":"https:\/\/archive.sana.sy\/tr\/?p=248461","title":{"rendered":"Golan&#8217;dan Bir Heyet Ramallah&#8217;ta Filistinli Tutuklu Ebu Hamid \u0130le Dayan\u0131\u015fma Y\u00fcr\u00fcy\u00fc\u015fe Kat\u0131ld\u0131"},"content":{"rendered":"<p style=\"text-align: justify;\">\u0130\u015eGAL ALTINDAK\u0130 KUD\u00dcS \u2013 Bat\u0131 Yaka&#8217;daki Ramallah \u015fehri bug\u00fcn, i\u015fgal alt\u0131ndaki Suriyeli Golan&#8217;dan bir heyetin kat\u0131l\u0131m\u0131yla, kanser hastas\u0131 Filistinli tutuklu Nas\u0131r Ebu Hamid ile dayan\u0131\u015fma amac\u0131yla y\u00fczlerce Filistinlinin y\u00fcr\u00fcy\u00fc\u015fe tan\u0131k oldu.<\/p>\n<p style=\"text-align: justify;\">Eyleme kat\u0131lanlar, i\u015fgal cezaevlerindeki tutuklularla dayan\u0131\u015fmalar\u0131n\u0131 teyit ederek, son g\u00fcnlerde \u00e7ok tehlikeli bir d\u00f6n\u00fcm noktas\u0131na giren tutuklu Ebu Hamid&#8217;in bir an \u00f6nce serbest b\u0131rak\u0131lmas\u0131 ve hayat\u0131n\u0131 kurtarmak i\u00e7in uluslararas\u0131 topluma acil m\u00fcdahale \u00e7a\u011fr\u0131s\u0131nda bulundu.<\/p>\n<p style=\"text-align: justify;\">Buna kar\u015f\u0131l\u0131k, kurtar\u0131lan Suriyeli tutsaklar\u0131n dekan\u0131 Sidqi Al-Maqt, Filistin davas\u0131na y\u00f6nelik uluslararas\u0131 hareketsizlik \u0131\u015f\u0131\u011f\u0131nda i\u015fgal hapishanelerindeki mahkumlar\u0131, \u00f6zellikle de aralar\u0131ndaki hastalar\u0131 desteklemenin \u00f6nemini vurgulad\u0131.<\/p>\n<p style=\"text-align: justify;\">P.M.<\/p>\n<p style=\"text-align: justify;\">\n","protected":false},"excerpt":{"rendered":"<p>\u0130\u015eGAL ALTINDAK\u0130 KUD\u00dcS \u2013 Bat\u0131 Yaka&#8217;daki Ramallah \u015fehri bug\u00fcn, i\u015fgal alt\u0131ndaki Suriyeli Golan&#8217;dan bir heyetin kat\u0131l\u0131m\u0131yla, kanser hastas\u0131 Filistinli tutuklu Nas\u0131r Ebu Hamid ile dayan\u0131\u015fma amac\u0131yla y\u00fczlerce Filistinlinin y\u00fcr\u00fcy\u00fc\u015fe tan\u0131k oldu. Eyleme kat\u0131lanlar, i\u015fgal cezaevlerindeki tutuklularla dayan\u0131\u015fmalar\u0131n\u0131 teyit ederek, son g\u00fcnlerde \u00e7ok tehlikeli bir d\u00f6n\u00fcm noktas\u0131na giren tutuklu Ebu Hamid&#8217;in bir an \u00f6nce serbest b\u0131rak\u0131lmas\u0131 &hellip;<\/p>\n","protected":false},"author":1,"featured_media":248462,"comment_status":"closed","ping_status":"closed","sticky":false,"template":"","format":"standard","meta":{"footnotes":""},"categories":[458,459,17988],"tags":[],"class_list":["post-248461","post","type-post","status-publish","format-standard","has-post-thumbnail","","category-dunya1","category-haberler-arap-uluslararasi-politika","category-son-haberler"],"_links":{"self":[{"href":"https:\/\/archive.sana.sy\/tr\/index.php?rest_route=\/wp\/v2\/posts\/248461","targetHints":{"allow":["GET"]}}],"collection":[{"href":"https:\/\/archive.sana.sy\/tr\/index.php?rest_route=\/wp\/v2\/posts"}],"about":[{"href":"https:\/\/archive.sana.sy\/tr\/index.php?rest_route=\/wp\/v2\/types\/post"}],"author":[{"embeddable":true,"href":"https:\/\/archive.sana.sy\/tr\/index.php?rest_route=\/wp\/v2\/users\/1"}],"replies":[{"embeddable":true,"href":"https:\/\/archive.sana.sy\/tr\/index.php?rest_route=%2Fwp%2Fv2%2Fcomments&post=248461"}],"version-history":[{"count":0,"href":"https:\/\/archive.sana.sy\/tr\/index.php?rest_route=\/wp\/v2\/posts\/248461\/revisions"}],"wp:featuredmedia":[{"embeddable":true,"href":"https:\/\/archive.sana.sy\/tr\/index.php?rest_route=\/wp\/v2\/media\/248462"}],"wp:attachment":[{"href":"https:\/\/archive.sana.sy\/tr\/index.php?rest_route=%2Fwp%2Fv2%2Fmedia&parent=248461"}],"wp:term":[{"taxonomy":"category","embeddable":true,"href":"https:\/\/archive.sana.sy\/tr\/index.php?rest_route=%2Fwp%2Fv2%2Fcategories&post=248461"},{"taxonomy":"post_tag","embeddable":true,"href":"https:\/\/archive.sana.sy\/tr\/index.php?rest_route=%2Fwp%2Fv2%2Ftags&post=248461"}],"curies":[{"name":"wp","href":"https:\/\/api.w.org\/{rel}","templated":true}]}}