{"id":248464,"date":"2022-01-13T20:09:38","date_gmt":"2022-01-13T18:09:38","guid":{"rendered":"http:\/\/107.6.182.27\/tr\/?p=248464"},"modified":"2022-01-14T09:00:40","modified_gmt":"2022-01-14T07:00:40","slug":"ulusal-anlasma-prosedurlerine-katilmak-isteyen-vatandaslar-rakka-ve-deyrezzorda-acilan-merkezlere-ulasmaya-devam-ediyor","status":"publish","type":"post","link":"https:\/\/archive.sana.sy\/tr\/?p=248464","title":{"rendered":"Ulusal Anla\u015fma Prosed\u00fcrlerine Kat\u0131lmak \u0130steyen Vatanda\u015flar Rakka ve Deyrezzor\u2019da A\u00e7\u0131lan Merkezlere Ula\u015fmaya Devam Ediyor"},"content":{"rendered":"<p>DEYREZZOR\/RAKKA \u2013 Devlet taraf\u0131ndan ulusal anla\u015fma s\u00fcreci \u00e7er\u00e7evesinde Deyrezzor ve Rakka illerinde ba\u015flat\u0131lan yasal durumlar \u00e7\u00f6zme prosed\u00fcrleri yo\u011fun kat\u0131l\u0131m\u0131yla s\u00fcr\u00fcyor.<\/p>\n<p>SANA muhabiri, d\u00fcn Rakka \u0130li\u2019ndeki el Subha Kentindeki ayn\u0131 adl\u0131 anla\u015fma merkezinin yasal durumlar\u0131n\u0131 \u00e7\u00f6zmek isteyen vatanda\u015flar\u0131 kabul etmeye devam etti\u011fini belirtti.<\/p>\n<p>Bu ba\u011flamda muhabir, zorunlu ve yedek askerlik hizmetlerinden ka\u00e7ma veya ba\u015fka sebepleriyle aranan y\u00fczlerce ki\u015filerin el Subha merkezine ula\u015f\u0131p yasal durumlar\u0131n\u0131 \u00e7\u00f6zmeye ba\u015flad\u0131klar\u0131n\u0131 s\u00f6zlerine ekledi.<\/p>\n<p>P.M.<\/p>\n<p>&nbsp;<\/p>\n","protected":false},"excerpt":{"rendered":"<p>DEYREZZOR\/RAKKA \u2013 Devlet taraf\u0131ndan ulusal anla\u015fma s\u00fcreci \u00e7er\u00e7evesinde Deyrezzor ve Rakka illerinde ba\u015flat\u0131lan yasal durumlar \u00e7\u00f6zme prosed\u00fcrleri yo\u011fun kat\u0131l\u0131m\u0131yla s\u00fcr\u00fcyor. SANA muhabiri, d\u00fcn Rakka \u0130li\u2019ndeki el Subha Kentindeki ayn\u0131 adl\u0131 anla\u015fma merkezinin yasal durumlar\u0131n\u0131 \u00e7\u00f6zmek isteyen vatanda\u015flar\u0131 kabul etmeye devam etti\u011fini belirtti. Bu ba\u011flamda muhabir, zorunlu ve yedek askerlik hizmetlerinden ka\u00e7ma veya ba\u015fka sebepleriyle aranan &hellip;<\/p>\n","protected":false},"author":1,"featured_media":248465,"comment_status":"closed","ping_status":"closed","sticky":false,"template":"","format":"standard","meta":{"footnotes":""},"categories":[596,479,17988,478],"tags":[],"class_list":["post-248464","post","type-post","status-publish","format-standard","has-post-thumbnail","","category-fotografli-raporlar","category-haberler-yerel","category-son-haberler","category-yerel"],"_links":{"self":[{"href":"https:\/\/archive.sana.sy\/tr\/index.php?rest_route=\/wp\/v2\/posts\/248464","targetHints":{"allow":["GET"]}}],"collection":[{"href":"https:\/\/archive.sana.sy\/tr\/index.php?rest_route=\/wp\/v2\/posts"}],"about":[{"href":"https:\/\/archive.sana.sy\/tr\/index.php?rest_route=\/wp\/v2\/types\/post"}],"author":[{"embeddable":true,"href":"https:\/\/archive.sana.sy\/tr\/index.php?rest_route=\/wp\/v2\/users\/1"}],"replies":[{"embeddable":true,"href":"https:\/\/archive.sana.sy\/tr\/index.php?rest_route=%2Fwp%2Fv2%2Fcomments&post=248464"}],"version-history":[{"count":0,"href":"https:\/\/archive.sana.sy\/tr\/index.php?rest_route=\/wp\/v2\/posts\/248464\/revisions"}],"wp:featuredmedia":[{"embeddable":true,"href":"https:\/\/archive.sana.sy\/tr\/index.php?rest_route=\/wp\/v2\/media\/248465"}],"wp:attachment":[{"href":"https:\/\/archive.sana.sy\/tr\/index.php?rest_route=%2Fwp%2Fv2%2Fmedia&parent=248464"}],"wp:term":[{"taxonomy":"category","embeddable":true,"href":"https:\/\/archive.sana.sy\/tr\/index.php?rest_route=%2Fwp%2Fv2%2Fcategories&post=248464"},{"taxonomy":"post_tag","embeddable":true,"href":"https:\/\/archive.sana.sy\/tr\/index.php?rest_route=%2Fwp%2Fv2%2Ftags&post=248464"}],"curies":[{"name":"wp","href":"https:\/\/api.w.org\/{rel}","templated":true}]}}