{"id":248467,"date":"2022-01-13T20:11:55","date_gmt":"2022-01-13T18:11:55","guid":{"rendered":"http:\/\/107.6.182.27\/tr\/?p=248467"},"modified":"2022-01-23T09:38:09","modified_gmt":"2022-01-23T07:38:09","slug":"lazkiye-simdiye-kadar-80-ton-narenciye-toplandi","status":"publish","type":"post","link":"https:\/\/archive.sana.sy\/tr\/?p=248467","title":{"rendered":"Lazkiye.. \u015eimdiye Kadar 80 Ton Narenciye Topland\u0131"},"content":{"rendered":"<p style=\"text-align: justify;\">LAZK\u0130YE \u2013 Suriye Ticaret Kurumu, son zamanlarda narenciye pazarlamas\u0131 i\u00e7in onaylanan h\u00fck\u00fcmet plan\u0131na g\u00f6re, \u00e7ift\u00e7ilerden narenciye sat\u0131n alma ve \u00e7e\u015fitli valiliklerdeki showroomlar\u0131na ve \u00e7e\u015fitli t\u00fcketici kurulu\u015flar\u0131na pazarlama prosed\u00fcrlerini izledi.<\/p>\n<p style=\"text-align: justify;\">SANA kameras\u0131, Yarubiye b\u00f6lgesindeki ticaret i\u00e7in Suriye narenciye ay\u0131klama ve paketleme merkezine yapt\u0131\u011f\u0131 ziyarette bu i\u015flemlere e\u015flik etti.<\/p>\n<p style=\"text-align: justify;\">\u00d6te yandan Suriye Ticaret Genel M\u00fcd\u00fcr\u00fc Ziad Hazaa, SANA muhabirine, kuruma \u00e7ok b\u00fcy\u00fck miktarlarda kutu tedarik edildi\u011fini ve \u015fimdiye kadar 80 tonunun al\u0131n\u0131p Suriye&#8217;ye ait salonlara Ticaret i\u00e7in da\u011f\u0131t\u0131ld\u0131\u011f\u0131n\u0131 teyit etti.<\/p>\n<p style=\"text-align: justify;\">Suriye&#8217;nin Lazkiye Ticaret \u015eube M\u00fcd\u00fcr\u00fc Sami Halil, \u201cNarenciye pazarlamas\u0131n\u0131n takibi ve \u00e7e\u015fitli bakanl\u0131klardan t\u00fcm kurumlar\u0131n ihtiya\u00e7lar\u0131n\u0131 incelemek i\u00e7in bir y\u00f6netim plan\u0131 haz\u0131rlamakla sorumlu Suriye Ticaret ve Tar\u0131m M\u00fcd\u00fcrl\u00fc\u011f\u00fc ve \u0130l temsilcilerinden olu\u015fan bir komite olu\u015fturuldu\u201d dedi.<\/p>\n<p style=\"text-align: justify;\">Buna kar\u015f\u0131l\u0131k, \u0130l Tar\u0131m M\u00fcd\u00fcr Yard\u0131mc\u0131s\u0131 ve Pazarlama Komitesi \u00fcyesi Navaf \u015eehadeh ise, \u00e7ift\u00e7ilere narenciye doldurup pazarlamak i\u00e7in da\u011f\u0131t\u0131lan kutu say\u0131s\u0131n\u0131n g\u00fcnde yakla\u015f\u0131k alt\u0131 bin kutuya ula\u015ft\u0131\u011f\u0131n\u0131 belirtti. \u015eehadeh, kolilerin da\u011f\u0131t\u0131lmas\u0131n\u0131n ve mahsul\u00fcn nakliyesinin \u00e7ift\u00e7ilere paketleme, nakliye ve komisyon \u00fccreti olarak kilo ba\u015f\u0131na 300 lira tasarruf sa\u011flad\u0131\u011f\u0131na dikkat \u00e7ekti.<\/p>\n<p style=\"text-align: justify;\">P.M.<\/p>\n<p style=\"text-align: justify;\">\n","protected":false},"excerpt":{"rendered":"<p>LAZK\u0130YE \u2013 Suriye Ticaret Kurumu, son zamanlarda narenciye pazarlamas\u0131 i\u00e7in onaylanan h\u00fck\u00fcmet plan\u0131na g\u00f6re, \u00e7ift\u00e7ilerden narenciye sat\u0131n alma ve \u00e7e\u015fitli valiliklerdeki showroomlar\u0131na ve \u00e7e\u015fitli t\u00fcketici kurulu\u015flar\u0131na pazarlama prosed\u00fcrlerini izledi. SANA kameras\u0131, Yarubiye b\u00f6lgesindeki ticaret i\u00e7in Suriye narenciye ay\u0131klama ve paketleme merkezine yapt\u0131\u011f\u0131 ziyarette bu i\u015flemlere e\u015flik etti. \u00d6te yandan Suriye Ticaret Genel M\u00fcd\u00fcr\u00fc Ziad Hazaa, &hellip;<\/p>\n","protected":false},"author":1,"featured_media":248468,"comment_status":"closed","ping_status":"closed","sticky":false,"template":"","format":"standard","meta":{"footnotes":""},"categories":[485,596,486,479,478],"tags":[],"class_list":["post-248467","post","type-post","status-publish","format-standard","has-post-thumbnail","","category-is-ve-sermaye","category-fotografli-raporlar","category-haberler-is-ve-sermaye","category-haberler-yerel","category-yerel"],"_links":{"self":[{"href":"https:\/\/archive.sana.sy\/tr\/index.php?rest_route=\/wp\/v2\/posts\/248467","targetHints":{"allow":["GET"]}}],"collection":[{"href":"https:\/\/archive.sana.sy\/tr\/index.php?rest_route=\/wp\/v2\/posts"}],"about":[{"href":"https:\/\/archive.sana.sy\/tr\/index.php?rest_route=\/wp\/v2\/types\/post"}],"author":[{"embeddable":true,"href":"https:\/\/archive.sana.sy\/tr\/index.php?rest_route=\/wp\/v2\/users\/1"}],"replies":[{"embeddable":true,"href":"https:\/\/archive.sana.sy\/tr\/index.php?rest_route=%2Fwp%2Fv2%2Fcomments&post=248467"}],"version-history":[{"count":0,"href":"https:\/\/archive.sana.sy\/tr\/index.php?rest_route=\/wp\/v2\/posts\/248467\/revisions"}],"wp:featuredmedia":[{"embeddable":true,"href":"https:\/\/archive.sana.sy\/tr\/index.php?rest_route=\/wp\/v2\/media\/248468"}],"wp:attachment":[{"href":"https:\/\/archive.sana.sy\/tr\/index.php?rest_route=%2Fwp%2Fv2%2Fmedia&parent=248467"}],"wp:term":[{"taxonomy":"category","embeddable":true,"href":"https:\/\/archive.sana.sy\/tr\/index.php?rest_route=%2Fwp%2Fv2%2Fcategories&post=248467"},{"taxonomy":"post_tag","embeddable":true,"href":"https:\/\/archive.sana.sy\/tr\/index.php?rest_route=%2Fwp%2Fv2%2Ftags&post=248467"}],"curies":[{"name":"wp","href":"https:\/\/api.w.org\/{rel}","templated":true}]}}