{"id":248472,"date":"2022-01-13T20:14:19","date_gmt":"2022-01-13T18:14:19","guid":{"rendered":"http:\/\/107.6.182.27\/tr\/?p=248472"},"modified":"2022-01-14T09:00:59","modified_gmt":"2022-01-14T07:00:59","slug":"abdnin-bagdat-buyukelciligine-roketli-saldiri","status":"publish","type":"post","link":"https:\/\/archive.sana.sy\/tr\/?p=248472","title":{"rendered":"ABD&#8217;nin Ba\u011fdat B\u00fcy\u00fckel\u00e7ili\u011fine Roketli Sald\u0131r\u0131"},"content":{"rendered":"<p style=\"text-align: justify;\">BA\u011eDAT \u2013 Irak&#8217;\u0131n ba\u015fkenti Ba\u011fdat&#8217;taki ABD B\u00fcy\u00fckel\u00e7ili\u011fi bug\u00fcn \u00fc\u00e7 f\u00fcze sald\u0131r\u0131s\u0131na u\u011frad\u0131.<\/p>\n<p style=\"text-align: justify;\">Irak g\u00fcvenlik kayna\u011f\u0131 Ba\u011fdat&#8217;taki SANA muhabirine, \u201cBa\u011fdat&#8217;taki ABD B\u00fcy\u00fckel\u00e7ili\u011fi&#8217;ndeki \u00fc\u00e7\u00fcnc\u00fc Tevhid \u00fcss\u00fcne \u00fc\u00e7 Katyu\u015fa f\u00fczesi ile sald\u0131r\u0131ya u\u011frad\u0131\u201d diyerek, hava savunma sistemi \u00fc\u00e7\u00fcnc\u00fc f\u00fczeyi d\u00fc\u015f\u00fcrmeyi ba\u015far\u0131rken, iki f\u00fczenin b\u00fcy\u00fckel\u00e7ilik yak\u0131nlar\u0131na d\u00fc\u015ft\u00fc\u011f\u00fcne i\u015faret etti.<\/p>\n<p style=\"text-align: justify;\">Kaynak, bu sald\u0131r\u0131dan kaynaklanan kay\u0131plar\u0131n boyutunu a\u00e7\u0131klamad\u0131.<\/p>\n<p style=\"text-align: justify;\">P.M.<\/p>\n<p style=\"text-align: justify;\">\n","protected":false},"excerpt":{"rendered":"<p>BA\u011eDAT \u2013 Irak&#8217;\u0131n ba\u015fkenti Ba\u011fdat&#8217;taki ABD B\u00fcy\u00fckel\u00e7ili\u011fi bug\u00fcn \u00fc\u00e7 f\u00fcze sald\u0131r\u0131s\u0131na u\u011frad\u0131. Irak g\u00fcvenlik kayna\u011f\u0131 Ba\u011fdat&#8217;taki SANA muhabirine, \u201cBa\u011fdat&#8217;taki ABD B\u00fcy\u00fckel\u00e7ili\u011fi&#8217;ndeki \u00fc\u00e7\u00fcnc\u00fc Tevhid \u00fcss\u00fcne \u00fc\u00e7 Katyu\u015fa f\u00fczesi ile sald\u0131r\u0131ya u\u011frad\u0131\u201d diyerek, hava savunma sistemi \u00fc\u00e7\u00fcnc\u00fc f\u00fczeyi d\u00fc\u015f\u00fcrmeyi ba\u015far\u0131rken, iki f\u00fczenin b\u00fcy\u00fckel\u00e7ilik yak\u0131nlar\u0131na d\u00fc\u015ft\u00fc\u011f\u00fcne i\u015faret etti. Kaynak, bu sald\u0131r\u0131dan kaynaklanan kay\u0131plar\u0131n boyutunu a\u00e7\u0131klamad\u0131. P.M.<\/p>\n","protected":false},"author":1,"featured_media":248473,"comment_status":"closed","ping_status":"closed","sticky":false,"template":"","format":"standard","meta":{"footnotes":""},"categories":[458,459,17988],"tags":[],"class_list":["post-248472","post","type-post","status-publish","format-standard","has-post-thumbnail","","category-dunya1","category-haberler-arap-uluslararasi-politika","category-son-haberler"],"_links":{"self":[{"href":"https:\/\/archive.sana.sy\/tr\/index.php?rest_route=\/wp\/v2\/posts\/248472","targetHints":{"allow":["GET"]}}],"collection":[{"href":"https:\/\/archive.sana.sy\/tr\/index.php?rest_route=\/wp\/v2\/posts"}],"about":[{"href":"https:\/\/archive.sana.sy\/tr\/index.php?rest_route=\/wp\/v2\/types\/post"}],"author":[{"embeddable":true,"href":"https:\/\/archive.sana.sy\/tr\/index.php?rest_route=\/wp\/v2\/users\/1"}],"replies":[{"embeddable":true,"href":"https:\/\/archive.sana.sy\/tr\/index.php?rest_route=%2Fwp%2Fv2%2Fcomments&post=248472"}],"version-history":[{"count":0,"href":"https:\/\/archive.sana.sy\/tr\/index.php?rest_route=\/wp\/v2\/posts\/248472\/revisions"}],"wp:featuredmedia":[{"embeddable":true,"href":"https:\/\/archive.sana.sy\/tr\/index.php?rest_route=\/wp\/v2\/media\/248473"}],"wp:attachment":[{"href":"https:\/\/archive.sana.sy\/tr\/index.php?rest_route=%2Fwp%2Fv2%2Fmedia&parent=248472"}],"wp:term":[{"taxonomy":"category","embeddable":true,"href":"https:\/\/archive.sana.sy\/tr\/index.php?rest_route=%2Fwp%2Fv2%2Fcategories&post=248472"},{"taxonomy":"post_tag","embeddable":true,"href":"https:\/\/archive.sana.sy\/tr\/index.php?rest_route=%2Fwp%2Fv2%2Ftags&post=248472"}],"curies":[{"name":"wp","href":"https:\/\/api.w.org\/{rel}","templated":true}]}}