{"id":248475,"date":"2022-01-13T20:18:58","date_gmt":"2022-01-13T18:18:58","guid":{"rendered":"http:\/\/107.6.182.27\/tr\/?p=248475"},"modified":"2022-01-14T09:01:11","modified_gmt":"2022-01-14T07:01:11","slug":"soigu-putine-kolektif-guvenlik-guclerinin-kazakistandan-cekilme-takvimi-hakkinda-bilgi-verdi","status":"publish","type":"post","link":"https:\/\/archive.sana.sy\/tr\/?p=248475","title":{"rendered":"\u015eoigu, Putin&#8217;e (Kolektif G\u00fcvenlik) G\u00fc\u00e7lerinin Kazakistan&#8217;dan \u00c7ekilme Takvimi Hakk\u0131nda Bilgi Verdi"},"content":{"rendered":"<p style=\"text-align: justify;\">MOSKOVA \u2013 Rusya Savunma Bakan\u0131 Sergei \u015eoigu, Cumhurba\u015fkan\u0131 Vladimir Putin&#8217;e CSTO bar\u0131\u015f g\u00fc\u00e7lerinin Kazakistan&#8217;dan \u00e7ekilmesine ili\u015fkin program hakk\u0131nda bilgi verirken, bu g\u00fc\u00e7lerin ilk partisi bug\u00fcn Almata havaalan\u0131ndan ayr\u0131ld\u0131.<\/p>\n<p style=\"text-align: justify;\">Russia Today web sitesinde \u015eoigu&#8217;nun Putin&#8217;e &#8220;bug\u00fcn ba\u015flayan geri \u00e7ekilme s\u00fcrecinin 19 Ocak&#8217;ta sonu\u00e7lanmas\u0131 planlan\u0131yor&#8221; dedi\u011fini aktard\u0131. \u015eoigu, \u015fu anda bar\u0131\u015f\u0131 koruma g\u00fc\u00e7lerinin kontrol\u00fcnde olan \u00f6nemli tesislerin kademeli olarak geri \u00e7ekilmesi ve Kazak makamlar\u0131na teslim edilmesi i\u00e7in bir plan\u0131n kabul edildi\u011fini da teyit etti.<\/p>\n<p style=\"text-align: justify;\">\u015eoigu, bar\u0131\u015f g\u00fcc\u00fc grubuna dahil Ermenistan, Tacikistan ve Beyaz Rusya g\u00fc\u00e7lerinin yar\u0131n 14 Rus u\u00e7a\u011f\u0131yla Kazakistan&#8217;dan ayr\u0131laca\u011f\u0131n\u0131, K\u0131rg\u0131z g\u00fc\u00e7lerinin ise tek ba\u015flar\u0131na \u00fclkeden \u00e7ekilece\u011fini bildirdi. Bu ba\u011flamda \u015eoigu ayr\u0131ca, \u00f6n\u00fcm\u00fczdeki be\u015f g\u00fcn i\u00e7inde \u00f6nemli tesislerin kademeli olarak Kazak makamlar\u0131na devredilece\u011fi ve kalan bar\u0131\u015f g\u00fc\u00e7lerinin geri \u00e7ekilece\u011fini s\u00f6zlerine ekledi.<\/p>\n<p style=\"text-align: justify;\">Buna kar\u015f\u0131l\u0131k Putin, \u201cOperasyon h\u0131zl\u0131, koordineli ve etkili bir \u015fekilde ger\u00e7ekle\u015ftirildi ve bu t\u00fcr ortak operasyondan dersler \u00e7\u0131kar\u0131lmal\u0131d\u0131r\u201d dedi. Putin, &#8220;Genel olarak eve gitme vakti geldi, g\u00f6revimizi tamamlad\u0131k&#8221; diye ekledi.<\/p>\n<p style=\"text-align: justify;\">\u0130lgili bir ba\u011flamda, Rusya Savunma Bakanl\u0131\u011f\u0131 bas\u0131n servisi, Kolektif G\u00fcvenlik Antla\u015fmas\u0131 \u00d6rg\u00fct\u00fc kuvvetleri i\u00e7indeki Rus \u00e7\u0131karma kuvvetlerinin ilk birimlerinin Al-Mata havaalan\u0131n\u0131 kal\u0131c\u0131 konu\u015flanma noktas\u0131na b\u0131rakt\u0131\u011f\u0131n\u0131 duyurdu.<\/p>\n<p style=\"text-align: justify;\">Servis, d\u00f6rt Il-76 askeri nakliye u\u00e7a\u011f\u0131n\u0131n Rus para\u015f\u00fct\u00e7\u00fc birimlerini \u0130vanovo b\u00f6lgesine ta\u015f\u0131yaca\u011f\u0131n\u0131 teyit etti.<\/p>\n<p style=\"text-align: justify;\">P.M.<\/p>\n","protected":false},"excerpt":{"rendered":"<p>MOSKOVA \u2013 Rusya Savunma Bakan\u0131 Sergei \u015eoigu, Cumhurba\u015fkan\u0131 Vladimir Putin&#8217;e CSTO bar\u0131\u015f g\u00fc\u00e7lerinin Kazakistan&#8217;dan \u00e7ekilmesine ili\u015fkin program hakk\u0131nda bilgi verirken, bu g\u00fc\u00e7lerin ilk partisi bug\u00fcn Almata havaalan\u0131ndan ayr\u0131ld\u0131. Russia Today web sitesinde \u015eoigu&#8217;nun Putin&#8217;e &#8220;bug\u00fcn ba\u015flayan geri \u00e7ekilme s\u00fcrecinin 19 Ocak&#8217;ta sonu\u00e7lanmas\u0131 planlan\u0131yor&#8221; dedi\u011fini aktard\u0131. \u015eoigu, \u015fu anda bar\u0131\u015f\u0131 koruma g\u00fc\u00e7lerinin kontrol\u00fcnde olan \u00f6nemli tesislerin &hellip;<\/p>\n","protected":false},"author":1,"featured_media":248476,"comment_status":"closed","ping_status":"closed","sticky":false,"template":"","format":"standard","meta":{"footnotes":""},"categories":[458,459,17988],"tags":[],"class_list":["post-248475","post","type-post","status-publish","format-standard","has-post-thumbnail","","category-dunya1","category-haberler-arap-uluslararasi-politika","category-son-haberler"],"_links":{"self":[{"href":"https:\/\/archive.sana.sy\/tr\/index.php?rest_route=\/wp\/v2\/posts\/248475","targetHints":{"allow":["GET"]}}],"collection":[{"href":"https:\/\/archive.sana.sy\/tr\/index.php?rest_route=\/wp\/v2\/posts"}],"about":[{"href":"https:\/\/archive.sana.sy\/tr\/index.php?rest_route=\/wp\/v2\/types\/post"}],"author":[{"embeddable":true,"href":"https:\/\/archive.sana.sy\/tr\/index.php?rest_route=\/wp\/v2\/users\/1"}],"replies":[{"embeddable":true,"href":"https:\/\/archive.sana.sy\/tr\/index.php?rest_route=%2Fwp%2Fv2%2Fcomments&post=248475"}],"version-history":[{"count":0,"href":"https:\/\/archive.sana.sy\/tr\/index.php?rest_route=\/wp\/v2\/posts\/248475\/revisions"}],"wp:featuredmedia":[{"embeddable":true,"href":"https:\/\/archive.sana.sy\/tr\/index.php?rest_route=\/wp\/v2\/media\/248476"}],"wp:attachment":[{"href":"https:\/\/archive.sana.sy\/tr\/index.php?rest_route=%2Fwp%2Fv2%2Fmedia&parent=248475"}],"wp:term":[{"taxonomy":"category","embeddable":true,"href":"https:\/\/archive.sana.sy\/tr\/index.php?rest_route=%2Fwp%2Fv2%2Fcategories&post=248475"},{"taxonomy":"post_tag","embeddable":true,"href":"https:\/\/archive.sana.sy\/tr\/index.php?rest_route=%2Fwp%2Fv2%2Ftags&post=248475"}],"curies":[{"name":"wp","href":"https:\/\/api.w.org\/{rel}","templated":true}]}}