{"id":248506,"date":"2022-01-14T18:54:52","date_gmt":"2022-01-14T16:54:52","guid":{"rendered":"http:\/\/107.6.182.27\/tr\/?p=248506"},"modified":"2022-01-23T09:13:38","modified_gmt":"2022-01-23T07:13:38","slug":"versinin-ve-pedersen-telefonda-suriyedeki-durumu-gorustu","status":"publish","type":"post","link":"https:\/\/archive.sana.sy\/tr\/?p=248506","title":{"rendered":"Ver\u015finin Ve Pedersen Telefonda Suriye&#8217;deki Durumu G\u00f6r\u00fc\u015ft\u00fc"},"content":{"rendered":"<p style=\"text-align: justify;\">MOSKOVA &#8211; Rusya D\u0131\u015fi\u015fleri Bakan Yard\u0131mc\u0131s\u0131 Sergey Ver\u015finin, Birle\u015fmi\u015f Milletler Suriye \u00d6zel Temsilcisi Geir Pedersen ile yapt\u0131\u011f\u0131 telefon g\u00f6r\u00fc\u015fmesinde Suriye&#8217;deki durumu ve krizi siyasi olarak sadece Suriyeliler \u00fczerinden \u00e7\u00f6zmenin yollar\u0131n\u0131 ele ald\u0131.<\/p>\n<p style=\"text-align: justify;\">Rusya D\u0131\u015fi\u015fleri Bakanl\u0131\u011f\u0131 bug\u00fcn TASS haber ajans\u0131n\u0131n yay\u0131nlad\u0131\u011f\u0131 a\u00e7\u0131klamas\u0131nda, d\u00fcn d\u00fczenlenen telefon g\u00f6r\u00fc\u015fmesinde iki taraf\u0131n Suriye&#8217;de Suriye&#8217;de siyasi uzla\u015fma s\u00fcrecinin ilerletilmesi konusunda, 2254 say\u0131l\u0131 BM G\u00fcvenlik Konseyi Karar\u0131 uyar\u0131nca Birle\u015fmi\u015f Milletler&#8217;in de yard\u0131m\u0131yla Suriyelilerin bizzat kendileri taraf\u0131ndan uygulayacaklar\u0131n\u0131 ayr\u0131nt\u0131l\u0131 olarak g\u00f6r\u00fc\u015f al\u0131\u015fveri\u015finde bulundu\u011funu s\u00f6yledi.<\/p>\n<p style=\"text-align: justify;\">BM G\u00fcvenlik Konseyi&#8217;nin Aral\u0131k 2015&#8217;te oybirli\u011fiyle kabul etti\u011fi 2254 say\u0131l\u0131 karar, Suriyelilerin \u00fclkelerinin gelece\u011fini hi\u00e7bir d\u0131\u015f m\u00fcdahale olmaks\u0131z\u0131n kendileri belirledi\u011fini ve ter\u00f6r \u00f6rg\u00fctlerinin herhangi bir siyasi s\u00fcrecin d\u0131\u015f\u0131nda oldu\u011funu \u00f6ng\u00f6r\u00fcyor.<\/p>\n","protected":false},"excerpt":{"rendered":"<p>MOSKOVA &#8211; Rusya D\u0131\u015fi\u015fleri Bakan Yard\u0131mc\u0131s\u0131 Sergey Ver\u015finin, Birle\u015fmi\u015f Milletler Suriye \u00d6zel Temsilcisi Geir Pedersen ile yapt\u0131\u011f\u0131 telefon g\u00f6r\u00fc\u015fmesinde Suriye&#8217;deki durumu ve krizi siyasi olarak sadece Suriyeliler \u00fczerinden \u00e7\u00f6zmenin yollar\u0131n\u0131 ele ald\u0131. Rusya D\u0131\u015fi\u015fleri Bakanl\u0131\u011f\u0131 bug\u00fcn TASS haber ajans\u0131n\u0131n yay\u0131nlad\u0131\u011f\u0131 a\u00e7\u0131klamas\u0131nda, d\u00fcn d\u00fczenlenen telefon g\u00f6r\u00fc\u015fmesinde iki taraf\u0131n Suriye&#8217;de Suriye&#8217;de siyasi uzla\u015fma s\u00fcrecinin ilerletilmesi konusunda, 2254 &hellip;<\/p>\n","protected":false},"author":1,"featured_media":248507,"comment_status":"closed","ping_status":"closed","sticky":false,"template":"","format":"standard","meta":{"footnotes":""},"categories":[458,459,17988],"tags":[],"class_list":["post-248506","post","type-post","status-publish","format-standard","has-post-thumbnail","","category-dunya1","category-haberler-arap-uluslararasi-politika","category-son-haberler"],"_links":{"self":[{"href":"https:\/\/archive.sana.sy\/tr\/index.php?rest_route=\/wp\/v2\/posts\/248506","targetHints":{"allow":["GET"]}}],"collection":[{"href":"https:\/\/archive.sana.sy\/tr\/index.php?rest_route=\/wp\/v2\/posts"}],"about":[{"href":"https:\/\/archive.sana.sy\/tr\/index.php?rest_route=\/wp\/v2\/types\/post"}],"author":[{"embeddable":true,"href":"https:\/\/archive.sana.sy\/tr\/index.php?rest_route=\/wp\/v2\/users\/1"}],"replies":[{"embeddable":true,"href":"https:\/\/archive.sana.sy\/tr\/index.php?rest_route=%2Fwp%2Fv2%2Fcomments&post=248506"}],"version-history":[{"count":0,"href":"https:\/\/archive.sana.sy\/tr\/index.php?rest_route=\/wp\/v2\/posts\/248506\/revisions"}],"wp:featuredmedia":[{"embeddable":true,"href":"https:\/\/archive.sana.sy\/tr\/index.php?rest_route=\/wp\/v2\/media\/248507"}],"wp:attachment":[{"href":"https:\/\/archive.sana.sy\/tr\/index.php?rest_route=%2Fwp%2Fv2%2Fmedia&parent=248506"}],"wp:term":[{"taxonomy":"category","embeddable":true,"href":"https:\/\/archive.sana.sy\/tr\/index.php?rest_route=%2Fwp%2Fv2%2Fcategories&post=248506"},{"taxonomy":"post_tag","embeddable":true,"href":"https:\/\/archive.sana.sy\/tr\/index.php?rest_route=%2Fwp%2Fv2%2Ftags&post=248506"}],"curies":[{"name":"wp","href":"https:\/\/api.w.org\/{rel}","templated":true}]}}