{"id":248579,"date":"2022-01-16T13:38:06","date_gmt":"2022-01-16T11:38:06","guid":{"rendered":"http:\/\/107.6.182.27\/tr\/?p=248579"},"modified":"2022-01-23T09:18:53","modified_gmt":"2022-01-23T07:18:53","slug":"halk-meclisi-muh-arnus-ve-bakanlarin-katilimiyla-5-olagan-donemin-ilk-oturumunun-calismalarina-basladi","status":"publish","type":"post","link":"https:\/\/archive.sana.sy\/tr\/?p=248579","title":{"rendered":"Halk Meclisi, M\u00fch. Arnus Ve Bakanlar\u0131n Kat\u0131l\u0131m\u0131yla 5. Ola\u011fan D\u00f6nemin \u0130lk Oturumunun \u00c7al\u0131\u015fmalar\u0131na Ba\u015flad\u0131"},"content":{"rendered":"<p style=\"text-align: justify;\">\u015eAM &#8211; Bug\u00fcn Halk Meclisi, Meclis Ba\u015fkan\u0131 Hammuda Sabba\u011f ba\u015fkanl\u0131\u011f\u0131nda, Ba\u015fbakan M\u00fchendis H\u00fcseyin Arnus ve bakanlar\u0131n kat\u0131ld\u0131\u011f\u0131 \u00fc\u00e7\u00fcnc\u00fc yasama oturumunun be\u015finci ola\u011fan oturumunun ilk oturumuna ba\u015flad\u0131.<\/p>\n<p style=\"text-align: justify;\">\n","protected":false},"excerpt":{"rendered":"<p>\u015eAM &#8211; Bug\u00fcn Halk Meclisi, Meclis Ba\u015fkan\u0131 Hammuda Sabba\u011f ba\u015fkanl\u0131\u011f\u0131nda, Ba\u015fbakan M\u00fchendis H\u00fcseyin Arnus ve bakanlar\u0131n kat\u0131ld\u0131\u011f\u0131 \u00fc\u00e7\u00fcnc\u00fc yasama oturumunun be\u015finci ola\u011fan oturumunun ilk oturumuna ba\u015flad\u0131.<\/p>\n","protected":false},"author":1,"featured_media":248580,"comment_status":"closed","ping_status":"closed","sticky":false,"template":"","format":"standard","meta":{"footnotes":""},"categories":[479,17988,478],"tags":[],"class_list":["post-248579","post","type-post","status-publish","format-standard","has-post-thumbnail","","category-haberler-yerel","category-son-haberler","category-yerel"],"_links":{"self":[{"href":"https:\/\/archive.sana.sy\/tr\/index.php?rest_route=\/wp\/v2\/posts\/248579","targetHints":{"allow":["GET"]}}],"collection":[{"href":"https:\/\/archive.sana.sy\/tr\/index.php?rest_route=\/wp\/v2\/posts"}],"about":[{"href":"https:\/\/archive.sana.sy\/tr\/index.php?rest_route=\/wp\/v2\/types\/post"}],"author":[{"embeddable":true,"href":"https:\/\/archive.sana.sy\/tr\/index.php?rest_route=\/wp\/v2\/users\/1"}],"replies":[{"embeddable":true,"href":"https:\/\/archive.sana.sy\/tr\/index.php?rest_route=%2Fwp%2Fv2%2Fcomments&post=248579"}],"version-history":[{"count":0,"href":"https:\/\/archive.sana.sy\/tr\/index.php?rest_route=\/wp\/v2\/posts\/248579\/revisions"}],"wp:featuredmedia":[{"embeddable":true,"href":"https:\/\/archive.sana.sy\/tr\/index.php?rest_route=\/wp\/v2\/media\/248580"}],"wp:attachment":[{"href":"https:\/\/archive.sana.sy\/tr\/index.php?rest_route=%2Fwp%2Fv2%2Fmedia&parent=248579"}],"wp:term":[{"taxonomy":"category","embeddable":true,"href":"https:\/\/archive.sana.sy\/tr\/index.php?rest_route=%2Fwp%2Fv2%2Fcategories&post=248579"},{"taxonomy":"post_tag","embeddable":true,"href":"https:\/\/archive.sana.sy\/tr\/index.php?rest_route=%2Fwp%2Fv2%2Ftags&post=248579"}],"curies":[{"name":"wp","href":"https:\/\/api.w.org\/{rel}","templated":true}]}}