{"id":248594,"date":"2022-01-17T12:12:07","date_gmt":"2022-01-17T10:12:07","guid":{"rendered":"http:\/\/107.6.182.27\/tr\/?p=248594"},"modified":"2022-01-23T09:19:25","modified_gmt":"2022-01-23T07:19:25","slug":"kizilay-cinden-2-520-ton-pirinc-ve-gida-yardimi-teslim-aldi","status":"publish","type":"post","link":"https:\/\/archive.sana.sy\/tr\/?p=248594","title":{"rendered":"K\u0131z\u0131lay, \u00c7in&#8217;den 2.520 Ton Pirin\u00e7 Ve G\u0131da Yard\u0131m\u0131 Teslim Ald\u0131"},"content":{"rendered":"<p style=\"text-align: justify;\">\u015eAM &#8211; Suriye Arap K\u0131z\u0131lay\u0131 ve \u015eam&#8217;daki \u00c7in B\u00fcy\u00fckel\u00e7ili\u011fi bug\u00fcn, \u00c7in Halk Cumhuriyeti&#8217;nin Suriye&#8217;ye yapt\u0131\u011f\u0131 g\u0131da yard\u0131m\u0131 olarak 2520 ton pirincin al\u0131nd\u0131\u011f\u0131na dair bir muht\u0131ra imzalad\u0131.<\/p>\n<p style=\"text-align: justify;\">Suriye Arap K\u0131z\u0131lay \u00d6rg\u00fct\u00fc ba\u015fkan\u0131 M\u00fchendis Halid Hububati aras\u0131nda \u00f6rg\u00fct\u00fcn \u015eam&#8217;daki binas\u0131nda imzalanan mutabakat\u0131n ard\u0131ndan yap\u0131lan bas\u0131n a\u00e7\u0131klamas\u0131nda, al\u0131nan miktar\u0131n 2021 kapsam\u0131nda \u00c7in taraf\u0131ndan \u00f6rg\u00fcte sa\u011flanan \u00fc\u00e7\u00fcnc\u00fc, d\u00f6rd\u00fcnc\u00fc, be\u015finci ve alt\u0131nc\u0131 parti pirinci i\u00e7erdi\u011fini belirterek, \u00f6rg\u00fct\u00fcn ge\u00e7en y\u0131l\u0131n 17 Temmuz&#8217;unda ilk partiyi teslim ald\u0131\u011f\u0131n\u0131 a\u00e7\u0131klad\u0131.<\/p>\n<p style=\"text-align: justify;\">Hububati, \u00f6rg\u00fct\u00fcn \u00e7e\u015fitli b\u00f6lge ve illerdeki en muhta\u00e7 gruplar\u0131 desteklemeye ve onlar\u0131n temel ihtiya\u00e7lar\u0131n\u0131 kar\u015f\u0131lamaya \u00e7al\u0131\u015ft\u0131\u011f\u0131n\u0131 vurgulayarak, \u00c7in h\u00fck\u00fcmeti ve halk\u0131n\u0131n Suriye&#8217;nin yan\u0131nda durma tutumunu \u00f6vd\u00fc.<\/p>\n<p style=\"text-align: justify;\">Buna kar\u015f\u0131l\u0131k \u00c7in B\u00fcy\u00fckel\u00e7isi Feng Biao, yard\u0131mlar\u0131n esas olarak Suriye halk\u0131n\u0131n ac\u0131lar\u0131n\u0131 hafifletmeyi ama\u00e7lad\u0131\u011f\u0131n\u0131, bu da iki \u00fclke aras\u0131ndaki dostlu\u011fun derinli\u011finin bir kan\u0131t\u0131 oldu\u011funu belirterek, 2021 y\u0131l\u0131nda \u00f6rg\u00fcte sa\u011flanan g\u0131da yard\u0131m\u0131 tutar\u0131n\u0131n 4.000 tona ula\u015ft\u0131\u011f\u0131na, \u00f6n\u00fcm\u00fczdeki d\u00f6nemde daha fazla yard\u0131m g\u00f6nderilece\u011fine i\u015faret etti.<\/p>\n","protected":false},"excerpt":{"rendered":"<p>\u015eAM &#8211; Suriye Arap K\u0131z\u0131lay\u0131 ve \u015eam&#8217;daki \u00c7in B\u00fcy\u00fckel\u00e7ili\u011fi bug\u00fcn, \u00c7in Halk Cumhuriyeti&#8217;nin Suriye&#8217;ye yapt\u0131\u011f\u0131 g\u0131da yard\u0131m\u0131 olarak 2520 ton pirincin al\u0131nd\u0131\u011f\u0131na dair bir muht\u0131ra imzalad\u0131. Suriye Arap K\u0131z\u0131lay \u00d6rg\u00fct\u00fc ba\u015fkan\u0131 M\u00fchendis Halid Hububati aras\u0131nda \u00f6rg\u00fct\u00fcn \u015eam&#8217;daki binas\u0131nda imzalanan mutabakat\u0131n ard\u0131ndan yap\u0131lan bas\u0131n a\u00e7\u0131klamas\u0131nda, al\u0131nan miktar\u0131n 2021 kapsam\u0131nda \u00c7in taraf\u0131ndan \u00f6rg\u00fcte sa\u011flanan \u00fc\u00e7\u00fcnc\u00fc, d\u00f6rd\u00fcnc\u00fc, be\u015finci &hellip;<\/p>\n","protected":false},"author":1,"featured_media":248595,"comment_status":"closed","ping_status":"closed","sticky":false,"template":"","format":"standard","meta":{"footnotes":""},"categories":[479,17988,478],"tags":[],"class_list":["post-248594","post","type-post","status-publish","format-standard","has-post-thumbnail","","category-haberler-yerel","category-son-haberler","category-yerel"],"_links":{"self":[{"href":"https:\/\/archive.sana.sy\/tr\/index.php?rest_route=\/wp\/v2\/posts\/248594","targetHints":{"allow":["GET"]}}],"collection":[{"href":"https:\/\/archive.sana.sy\/tr\/index.php?rest_route=\/wp\/v2\/posts"}],"about":[{"href":"https:\/\/archive.sana.sy\/tr\/index.php?rest_route=\/wp\/v2\/types\/post"}],"author":[{"embeddable":true,"href":"https:\/\/archive.sana.sy\/tr\/index.php?rest_route=\/wp\/v2\/users\/1"}],"replies":[{"embeddable":true,"href":"https:\/\/archive.sana.sy\/tr\/index.php?rest_route=%2Fwp%2Fv2%2Fcomments&post=248594"}],"version-history":[{"count":0,"href":"https:\/\/archive.sana.sy\/tr\/index.php?rest_route=\/wp\/v2\/posts\/248594\/revisions"}],"wp:featuredmedia":[{"embeddable":true,"href":"https:\/\/archive.sana.sy\/tr\/index.php?rest_route=\/wp\/v2\/media\/248595"}],"wp:attachment":[{"href":"https:\/\/archive.sana.sy\/tr\/index.php?rest_route=%2Fwp%2Fv2%2Fmedia&parent=248594"}],"wp:term":[{"taxonomy":"category","embeddable":true,"href":"https:\/\/archive.sana.sy\/tr\/index.php?rest_route=%2Fwp%2Fv2%2Fcategories&post=248594"},{"taxonomy":"post_tag","embeddable":true,"href":"https:\/\/archive.sana.sy\/tr\/index.php?rest_route=%2Fwp%2Fv2%2Ftags&post=248594"}],"curies":[{"name":"wp","href":"https:\/\/api.w.org\/{rel}","templated":true}]}}