{"id":248597,"date":"2022-01-17T13:15:55","date_gmt":"2022-01-17T11:15:55","guid":{"rendered":"http:\/\/107.6.182.27\/tr\/?p=248597"},"modified":"2022-01-23T09:19:39","modified_gmt":"2022-01-23T07:19:39","slug":"halep-kirsalindaki-tel-refat-bolgesi-halki-turk-isgali-ve-kiraliklarina-karsi-protesto-gosterisi","status":"publish","type":"post","link":"https:\/\/archive.sana.sy\/tr\/?p=248597","title":{"rendered":"Halep K\u0131rsal\u0131ndaki Tel Ref&#8217;at B\u00f6lgesi Halk\u0131 T\u00fcrk \u0130\u015fgali Ve Kiral\u0131klar\u0131na Kar\u015f\u0131 Protesto G\u00f6sterisi"},"content":{"rendered":"<p style=\"text-align: justify;\">HALEP &#8211; Halep&#8217;in kuzey k\u0131rsal\u0131ndaki Tel Ref&#8217;at b\u00f6lgesi halk\u0131, T\u00fcrk i\u015fgalini ve ter\u00f6r \u00f6rg\u00fctlerinden kiral\u0131klar\u0131n\u0131 ve Suriye vatanda\u015flar\u0131na kar\u015f\u0131 i\u015fledikleri su\u00e7lar\u0131 reddetti\u011fini yineledi.<\/p>\n<p style=\"text-align: justify;\">SANA muhabiri, Tel Ref&#8217;at b\u00f6lge halk\u0131n\u0131n bug\u00fcn protesto g\u00f6sterisi d\u00fczenleyerek T\u00fcrk i\u015fgalini ve ter\u00f6r \u00f6rg\u00fctlerinden kiral\u0131klar\u0131n\u0131n, Suriye vatanda\u015flar\u0131na kar\u015f\u0131 i\u015fledikleri su\u00e7lar\u0131 reddettiklerini yeniledi.<\/p>\n","protected":false},"excerpt":{"rendered":"<p>HALEP &#8211; Halep&#8217;in kuzey k\u0131rsal\u0131ndaki Tel Ref&#8217;at b\u00f6lgesi halk\u0131, T\u00fcrk i\u015fgalini ve ter\u00f6r \u00f6rg\u00fctlerinden kiral\u0131klar\u0131n\u0131 ve Suriye vatanda\u015flar\u0131na kar\u015f\u0131 i\u015fledikleri su\u00e7lar\u0131 reddetti\u011fini yineledi. SANA muhabiri, Tel Ref&#8217;at b\u00f6lge halk\u0131n\u0131n bug\u00fcn protesto g\u00f6sterisi d\u00fczenleyerek T\u00fcrk i\u015fgalini ve ter\u00f6r \u00f6rg\u00fctlerinden kiral\u0131klar\u0131n\u0131n, Suriye vatanda\u015flar\u0131na kar\u015f\u0131 i\u015fledikleri su\u00e7lar\u0131 reddettiklerini yeniledi.<\/p>\n","protected":false},"author":1,"featured_media":248598,"comment_status":"closed","ping_status":"closed","sticky":false,"template":"","format":"standard","meta":{"footnotes":""},"categories":[479,17988,2554,2555,478],"tags":[],"class_list":["post-248597","post","type-post","status-publish","format-standard","has-post-thumbnail","","category-haberler-yerel","category-son-haberler","category-suriye-ve-dunya","category-suriye-ve-turkiye","category-yerel"],"_links":{"self":[{"href":"https:\/\/archive.sana.sy\/tr\/index.php?rest_route=\/wp\/v2\/posts\/248597","targetHints":{"allow":["GET"]}}],"collection":[{"href":"https:\/\/archive.sana.sy\/tr\/index.php?rest_route=\/wp\/v2\/posts"}],"about":[{"href":"https:\/\/archive.sana.sy\/tr\/index.php?rest_route=\/wp\/v2\/types\/post"}],"author":[{"embeddable":true,"href":"https:\/\/archive.sana.sy\/tr\/index.php?rest_route=\/wp\/v2\/users\/1"}],"replies":[{"embeddable":true,"href":"https:\/\/archive.sana.sy\/tr\/index.php?rest_route=%2Fwp%2Fv2%2Fcomments&post=248597"}],"version-history":[{"count":0,"href":"https:\/\/archive.sana.sy\/tr\/index.php?rest_route=\/wp\/v2\/posts\/248597\/revisions"}],"wp:featuredmedia":[{"embeddable":true,"href":"https:\/\/archive.sana.sy\/tr\/index.php?rest_route=\/wp\/v2\/media\/248598"}],"wp:attachment":[{"href":"https:\/\/archive.sana.sy\/tr\/index.php?rest_route=%2Fwp%2Fv2%2Fmedia&parent=248597"}],"wp:term":[{"taxonomy":"category","embeddable":true,"href":"https:\/\/archive.sana.sy\/tr\/index.php?rest_route=%2Fwp%2Fv2%2Fcategories&post=248597"},{"taxonomy":"post_tag","embeddable":true,"href":"https:\/\/archive.sana.sy\/tr\/index.php?rest_route=%2Fwp%2Fv2%2Ftags&post=248597"}],"curies":[{"name":"wp","href":"https:\/\/api.w.org\/{rel}","templated":true}]}}