{"id":248600,"date":"2022-01-17T13:18:26","date_gmt":"2022-01-17T11:18:26","guid":{"rendered":"http:\/\/107.6.182.27\/tr\/?p=248600"},"modified":"2022-01-23T09:19:48","modified_gmt":"2022-01-23T07:19:48","slug":"deyrezzor-kirsalindaki-el-nemliye-beldesinde-duzenlenen-saldirida-cok-sayida-dsg-militani-yaralandi","status":"publish","type":"post","link":"https:\/\/archive.sana.sy\/tr\/?p=248600","title":{"rendered":"Deyrezzor K\u0131rsal\u0131ndaki El Nemliye Beldesinde D\u00fczenlenen Sald\u0131r\u0131da \u00c7ok Say\u0131da DSG Militan\u0131 Yaraland\u0131"},"content":{"rendered":"<p style=\"text-align: justify;\">DEYREZZOR &#8211; Deyrezzor&#8217;un kuzey k\u0131rsal\u0131ndaki el Nemliye beldesi yak\u0131nlar\u0131ndaki bir askeri noktaya halk gruplar\u0131 taraf\u0131ndan d\u00fczenlenen sald\u0131r\u0131da Amerikan i\u015fgaliyle ba\u011flant\u0131l\u0131 \u00e7ok say\u0131da DSG milisi yaraland\u0131.<\/p>\n<p style=\"text-align: justify;\">Yerel kaynaklar SANA muhabirine verdi\u011fi deme\u00e7te, pop\u00fcler gruplar\u0131n d\u00fcn gece kuzey k\u0131rsal\u0131ndaki el Nemliye beldesi yak\u0131nlar\u0131nda &#8220;DSG&#8221; milislerine ait askeri bir noktaya otomatik silahlarla sald\u0131r\u0131 d\u00fczenledi\u011fini, bu sald\u0131r\u0131da \u00e7ok say\u0131da ki\u015finin yaralanmas\u0131na bir dizi milis militan\u0131 ve karargah\u0131n baz\u0131 b\u00f6l\u00fcmlerinin imhas\u0131na neden oldu\u011funu belirtti.<\/p>\n","protected":false},"excerpt":{"rendered":"<p>DEYREZZOR &#8211; Deyrezzor&#8217;un kuzey k\u0131rsal\u0131ndaki el Nemliye beldesi yak\u0131nlar\u0131ndaki bir askeri noktaya halk gruplar\u0131 taraf\u0131ndan d\u00fczenlenen sald\u0131r\u0131da Amerikan i\u015fgaliyle ba\u011flant\u0131l\u0131 \u00e7ok say\u0131da DSG milisi yaraland\u0131. Yerel kaynaklar SANA muhabirine verdi\u011fi deme\u00e7te, pop\u00fcler gruplar\u0131n d\u00fcn gece kuzey k\u0131rsal\u0131ndaki el Nemliye beldesi yak\u0131nlar\u0131nda &#8220;DSG&#8221; milislerine ait askeri bir noktaya otomatik silahlarla sald\u0131r\u0131 d\u00fczenledi\u011fini, bu sald\u0131r\u0131da \u00e7ok say\u0131da &hellip;<\/p>\n","protected":false},"author":1,"featured_media":248601,"comment_status":"closed","ping_status":"closed","sticky":false,"template":"","format":"standard","meta":{"footnotes":""},"categories":[479,575,17988,478],"tags":[],"class_list":["post-248600","post","type-post","status-publish","format-standard","has-post-thumbnail","","category-haberler-yerel","category-olaylar-ve-gercekler","category-son-haberler","category-yerel"],"_links":{"self":[{"href":"https:\/\/archive.sana.sy\/tr\/index.php?rest_route=\/wp\/v2\/posts\/248600","targetHints":{"allow":["GET"]}}],"collection":[{"href":"https:\/\/archive.sana.sy\/tr\/index.php?rest_route=\/wp\/v2\/posts"}],"about":[{"href":"https:\/\/archive.sana.sy\/tr\/index.php?rest_route=\/wp\/v2\/types\/post"}],"author":[{"embeddable":true,"href":"https:\/\/archive.sana.sy\/tr\/index.php?rest_route=\/wp\/v2\/users\/1"}],"replies":[{"embeddable":true,"href":"https:\/\/archive.sana.sy\/tr\/index.php?rest_route=%2Fwp%2Fv2%2Fcomments&post=248600"}],"version-history":[{"count":0,"href":"https:\/\/archive.sana.sy\/tr\/index.php?rest_route=\/wp\/v2\/posts\/248600\/revisions"}],"wp:featuredmedia":[{"embeddable":true,"href":"https:\/\/archive.sana.sy\/tr\/index.php?rest_route=\/wp\/v2\/media\/248601"}],"wp:attachment":[{"href":"https:\/\/archive.sana.sy\/tr\/index.php?rest_route=%2Fwp%2Fv2%2Fmedia&parent=248600"}],"wp:term":[{"taxonomy":"category","embeddable":true,"href":"https:\/\/archive.sana.sy\/tr\/index.php?rest_route=%2Fwp%2Fv2%2Fcategories&post=248600"},{"taxonomy":"post_tag","embeddable":true,"href":"https:\/\/archive.sana.sy\/tr\/index.php?rest_route=%2Fwp%2Fv2%2Ftags&post=248600"}],"curies":[{"name":"wp","href":"https:\/\/api.w.org\/{rel}","templated":true}]}}