{"id":248603,"date":"2022-01-17T13:20:30","date_gmt":"2022-01-17T11:20:30","guid":{"rendered":"http:\/\/107.6.182.27\/tr\/?p=248603"},"modified":"2022-01-23T09:19:55","modified_gmt":"2022-01-23T07:19:55","slug":"hatipzade-iran-suriye-iliskileri-yakin-ve-stratejik-derinlige-sahiptir","status":"publish","type":"post","link":"https:\/\/archive.sana.sy\/tr\/?p=248603","title":{"rendered":"Hatipzade: \u0130ran-Suriye \u0130li\u015fkileri Yak\u0131n Ve Stratejik Derinli\u011fe Sahiptir"},"content":{"rendered":"<p style=\"text-align: justify;\">TAHRAN &#8211; \u0130ran D\u0131\u015fi\u015fleri Bakanl\u0131\u011f\u0131 S\u00f6zc\u00fcs\u00fc Said Hatipzade, \u0130ran ile Suriye aras\u0131ndaki ili\u015fkilerin yak\u0131n oldu\u011funu ve stratejik derinlikleriyle karakterize oldu\u011funu yineleyerek, \u0130ran&#8217;\u0131n Suriye&#8217;nin toprak b\u00fct\u00fcnl\u00fc\u011f\u00fcn\u00fc, ba\u011f\u0131ms\u0131zl\u0131\u011f\u0131n\u0131 ve egemenli\u011fini korumak i\u00e7in kararl\u0131 ad\u0131mlar atmaya devam edece\u011fini vurgulad\u0131.<\/p>\n<p style=\"text-align: justify;\">Bug\u00fcn d\u00fczenledi\u011fi haftal\u0131k bas\u0131n toplant\u0131s\u0131nda Hatipzade, Suriye topraklar\u0131na ve egemenli\u011fine y\u00f6nelik tekrarlanan Siyonist sald\u0131r\u0131lar\u0131 k\u0131nayarak, d\u00fc\u015fman \u00fclkelerin hatalar\u0131n\u0131 d\u00fczeltmeleri ve Suriye halk\u0131na sald\u0131rmay\u0131 b\u0131rakmalar\u0131 gerekti\u011fini vurgulad\u0131<\/p>\n<p style=\"text-align: justify;\">Hatipzade, t\u00fcm \u00fclkeleri Suriye&#8217;nin ulusal egemenli\u011fine ve Suriye&#8217;nin egemenli\u011fine sayg\u0131 duymaya \u00e7a\u011f\u0131rd\u0131 ayr\u0131ca bat\u0131l\u0131 \u00fclkeleri Suriye&#8217;ye tek tarafl\u0131 zorlay\u0131c\u0131 ekonomik yapt\u0131r\u0131mlar uygulayan \u00fclkelerin bunlar\u0131 kald\u0131rmaya ve bitirmeye \u00e7a\u011f\u0131rd\u0131.<\/p>\n<p style=\"text-align: justify;\">Ba\u015fka bir ba\u011flamda, Hatipzade, n\u00fckleer anla\u015fman\u0131n canland\u0131r\u0131lmas\u0131na ili\u015fkin Viyana g\u00f6r\u00fc\u015fmelerinin sekizinci turunda, anla\u015fmazl\u0131k noktalar\u0131n\u0131n \u00e7o\u011funun \u00e7\u00f6z\u00fcld\u00fc\u011f\u00fcn\u00fc, \u00f6nemli noktalar\u0131n \u00e7\u00f6z\u00fclmesinin Amerika ad\u0131na siyasi bir karar gerektirdi\u011fini g\u00f6z \u00f6n\u00fcnde bulundurdu\u011funu, \u00e7\u00fcnk\u00fc ABD h\u00fck\u00fcmetinin, \u00fclkesinin politikalar\u0131ndan ve n\u00fckleer anla\u015fma kapsam\u0131ndaki y\u00fck\u00fcml\u00fcl\u00fcklerini reddetmesinin sonu\u00e7lar\u0131ndan ve \u0130ran&#8217;a zarar vermesinden sorumlu oldu\u011funu s\u00f6yledi.<\/p>\n<p style=\"text-align: justify;\">Ba\u015fta Arap \u00fclkeleri olmak \u00fczere kom\u015fu \u00fclkelerle ili\u015fkiler konusunda ise Hatipzade, kar\u015f\u0131l\u0131kl\u0131 ziyaretlerin b\u00f6lgede kapsaml\u0131 b\u00f6lgesel \u00e7\u00f6z\u00fcmler bulmaya geldi\u011fini a\u00e7\u0131klayarak, Tahran&#8217;\u0131n b\u00f6lge i\u00e7inden her t\u00fcrl\u00fc \u00e7\u00f6z\u00fcm\u00fc memnuniyetle kar\u015f\u0131lad\u0131\u011f\u0131n\u0131 ve \u00fclkelerin egemenli\u011fine sayg\u0131 duydu\u011funu s\u00f6zlerine ekledi.<\/p>\n<p style=\"text-align: justify;\">Bu ba\u011flamda Hatipzade, \u0130slam \u0130\u015fbirli\u011fi Te\u015fkilat\u0131&#8217;n\u0131n Cidde&#8217;deki merkezinde \u00e7al\u0131\u015fmak \u00fczere \u00fc\u00e7 \u0130ranl\u0131 diplomat\u0131n Suudi Arabistan&#8217;a geldi\u011fini a\u00e7\u0131klayarak, \u0130ran&#8217;\u0131n Riyad&#8217;daki b\u00fcy\u00fckel\u00e7ili\u011fini yeniden a\u00e7maya haz\u0131r oldu\u011funu ancak meselenin Suudi taraf\u0131n\u0131n att\u0131\u011f\u0131 ad\u0131mlar do\u011frultusunda y\u00fcr\u00fctme ad\u0131mlar\u0131na ait oldu\u011funu dile getirdi.<\/p>\n<p style=\"text-align: justify;\">\u0130ran Cumhurba\u015fkan\u0131 \u0130brahim Reisi&#8217;nin Rusya ziyaretiyle ilgili olarak Hatibzade, \u0130ran D\u0131\u015fi\u015fleri Bakanl\u0131\u011f\u0131&#8217;n\u0131n ziyarete haz\u0131rlanmak \u00fczere Rusya&#8217;ya bir heyet g\u00f6nderece\u011fini belirterek, iki \u00fclke aras\u0131ndaki ili\u015fkileri g\u00fc\u00e7lendirmeyi ama\u00e7layan bu ziyaretin \u00f6nemine dikkat \u00e7ekerek, \u0130ran ve \u00c7in aras\u0131ndaki stratejik anla\u015fman\u0131n iki \u00fclke aras\u0131ndaki ili\u015fkilerin seviyesini iyile\u015ftirmeye odakland\u0131\u011f\u0131na ve ekonomik, k\u00fclt\u00fcrel, siyasi, parlamenter ve yarg\u0131sal boyutlar\u0131 ele ald\u0131\u011f\u0131na dikkat \u00e7ekti.<\/p>\n","protected":false},"excerpt":{"rendered":"<p>TAHRAN &#8211; \u0130ran D\u0131\u015fi\u015fleri Bakanl\u0131\u011f\u0131 S\u00f6zc\u00fcs\u00fc Said Hatipzade, \u0130ran ile Suriye aras\u0131ndaki ili\u015fkilerin yak\u0131n oldu\u011funu ve stratejik derinlikleriyle karakterize oldu\u011funu yineleyerek, \u0130ran&#8217;\u0131n Suriye&#8217;nin toprak b\u00fct\u00fcnl\u00fc\u011f\u00fcn\u00fc, ba\u011f\u0131ms\u0131zl\u0131\u011f\u0131n\u0131 ve egemenli\u011fini korumak i\u00e7in kararl\u0131 ad\u0131mlar atmaya devam edece\u011fini vurgulad\u0131. Bug\u00fcn d\u00fczenledi\u011fi haftal\u0131k bas\u0131n toplant\u0131s\u0131nda Hatipzade, Suriye topraklar\u0131na ve egemenli\u011fine y\u00f6nelik tekrarlanan Siyonist sald\u0131r\u0131lar\u0131 k\u0131nayarak, d\u00fc\u015fman \u00fclkelerin hatalar\u0131n\u0131 d\u00fczeltmeleri &hellip;<\/p>\n","protected":false},"author":1,"featured_media":248604,"comment_status":"closed","ping_status":"closed","sticky":false,"template":"","format":"standard","meta":{"footnotes":""},"categories":[458,459,17988],"tags":[],"class_list":["post-248603","post","type-post","status-publish","format-standard","has-post-thumbnail","","category-dunya1","category-haberler-arap-uluslararasi-politika","category-son-haberler"],"_links":{"self":[{"href":"https:\/\/archive.sana.sy\/tr\/index.php?rest_route=\/wp\/v2\/posts\/248603","targetHints":{"allow":["GET"]}}],"collection":[{"href":"https:\/\/archive.sana.sy\/tr\/index.php?rest_route=\/wp\/v2\/posts"}],"about":[{"href":"https:\/\/archive.sana.sy\/tr\/index.php?rest_route=\/wp\/v2\/types\/post"}],"author":[{"embeddable":true,"href":"https:\/\/archive.sana.sy\/tr\/index.php?rest_route=\/wp\/v2\/users\/1"}],"replies":[{"embeddable":true,"href":"https:\/\/archive.sana.sy\/tr\/index.php?rest_route=%2Fwp%2Fv2%2Fcomments&post=248603"}],"version-history":[{"count":0,"href":"https:\/\/archive.sana.sy\/tr\/index.php?rest_route=\/wp\/v2\/posts\/248603\/revisions"}],"wp:featuredmedia":[{"embeddable":true,"href":"https:\/\/archive.sana.sy\/tr\/index.php?rest_route=\/wp\/v2\/media\/248604"}],"wp:attachment":[{"href":"https:\/\/archive.sana.sy\/tr\/index.php?rest_route=%2Fwp%2Fv2%2Fmedia&parent=248603"}],"wp:term":[{"taxonomy":"category","embeddable":true,"href":"https:\/\/archive.sana.sy\/tr\/index.php?rest_route=%2Fwp%2Fv2%2Fcategories&post=248603"},{"taxonomy":"post_tag","embeddable":true,"href":"https:\/\/archive.sana.sy\/tr\/index.php?rest_route=%2Fwp%2Fv2%2Ftags&post=248603"}],"curies":[{"name":"wp","href":"https:\/\/api.w.org\/{rel}","templated":true}]}}