{"id":248606,"date":"2022-01-17T13:41:30","date_gmt":"2022-01-17T11:41:30","guid":{"rendered":"http:\/\/107.6.182.27\/tr\/?p=248606"},"modified":"2022-01-23T09:20:00","modified_gmt":"2022-01-23T07:20:00","slug":"israilli-yerlesimciler-mescid-i-aksaya-yonelik-baskinlarini-yinelediler","status":"publish","type":"post","link":"https:\/\/archive.sana.sy\/tr\/?p=248606","title":{"rendered":"\u0130srailli Yerle\u015fimciler Mescid-i Aksa&#8217;ya Y\u00f6nelik Bask\u0131nlar\u0131n\u0131 Yinelediler"},"content":{"rendered":"<p style=\"text-align: justify;\">\u0130\u015eGAL ED\u0130LEN KUD\u00dcS \u2013 Onlarca \u0130srailli yerle\u015fimci bug\u00fcn, i\u015fgal g\u00fc\u00e7lerinin s\u0131k\u0131 korumas\u0131 alt\u0131nda bug\u00fcn Mescid-i Aksa&#8217;ya bask\u0131n d\u00fczenledi.<\/p>\n<p style=\"text-align: justify;\">WAFA Ajans\u0131, onlarca yerle\u015fimcinin El Me\u011faribe Kap\u0131s\u0131&#8217;ndan gruplar halinde Mescid-i Aksa&#8217;y\u0131 bast\u0131\u011f\u0131n\u0131 ve mukaddes haremin Yahudile\u015ftirilmesi ve kontrol\u00fcne ili\u015fkin bir oldu bittiyi empoze etmek amac\u0131yla g\u00fcnl\u00fck sald\u0131r\u0131lar\u0131n bir par\u00e7as\u0131 olarak avlular\u0131nda k\u0131\u015fk\u0131rt\u0131c\u0131 turlar d\u00fczenledi\u011fini bildirdi.<\/p>\n","protected":false},"excerpt":{"rendered":"<p>\u0130\u015eGAL ED\u0130LEN KUD\u00dcS \u2013 Onlarca \u0130srailli yerle\u015fimci bug\u00fcn, i\u015fgal g\u00fc\u00e7lerinin s\u0131k\u0131 korumas\u0131 alt\u0131nda bug\u00fcn Mescid-i Aksa&#8217;ya bask\u0131n d\u00fczenledi. WAFA Ajans\u0131, onlarca yerle\u015fimcinin El Me\u011faribe Kap\u0131s\u0131&#8217;ndan gruplar halinde Mescid-i Aksa&#8217;y\u0131 bast\u0131\u011f\u0131n\u0131 ve mukaddes haremin Yahudile\u015ftirilmesi ve kontrol\u00fcne ili\u015fkin bir oldu bittiyi empoze etmek amac\u0131yla g\u00fcnl\u00fck sald\u0131r\u0131lar\u0131n bir par\u00e7as\u0131 olarak avlular\u0131nda k\u0131\u015fk\u0131rt\u0131c\u0131 turlar d\u00fczenledi\u011fini bildirdi.<\/p>\n","protected":false},"author":1,"featured_media":248607,"comment_status":"closed","ping_status":"closed","sticky":false,"template":"","format":"standard","meta":{"footnotes":""},"categories":[458,459,17988],"tags":[],"class_list":["post-248606","post","type-post","status-publish","format-standard","has-post-thumbnail","","category-dunya1","category-haberler-arap-uluslararasi-politika","category-son-haberler"],"_links":{"self":[{"href":"https:\/\/archive.sana.sy\/tr\/index.php?rest_route=\/wp\/v2\/posts\/248606","targetHints":{"allow":["GET"]}}],"collection":[{"href":"https:\/\/archive.sana.sy\/tr\/index.php?rest_route=\/wp\/v2\/posts"}],"about":[{"href":"https:\/\/archive.sana.sy\/tr\/index.php?rest_route=\/wp\/v2\/types\/post"}],"author":[{"embeddable":true,"href":"https:\/\/archive.sana.sy\/tr\/index.php?rest_route=\/wp\/v2\/users\/1"}],"replies":[{"embeddable":true,"href":"https:\/\/archive.sana.sy\/tr\/index.php?rest_route=%2Fwp%2Fv2%2Fcomments&post=248606"}],"version-history":[{"count":0,"href":"https:\/\/archive.sana.sy\/tr\/index.php?rest_route=\/wp\/v2\/posts\/248606\/revisions"}],"wp:featuredmedia":[{"embeddable":true,"href":"https:\/\/archive.sana.sy\/tr\/index.php?rest_route=\/wp\/v2\/media\/248607"}],"wp:attachment":[{"href":"https:\/\/archive.sana.sy\/tr\/index.php?rest_route=%2Fwp%2Fv2%2Fmedia&parent=248606"}],"wp:term":[{"taxonomy":"category","embeddable":true,"href":"https:\/\/archive.sana.sy\/tr\/index.php?rest_route=%2Fwp%2Fv2%2Fcategories&post=248606"},{"taxonomy":"post_tag","embeddable":true,"href":"https:\/\/archive.sana.sy\/tr\/index.php?rest_route=%2Fwp%2Fv2%2Ftags&post=248606"}],"curies":[{"name":"wp","href":"https:\/\/api.w.org\/{rel}","templated":true}]}}