{"id":248612,"date":"2022-01-17T14:18:18","date_gmt":"2022-01-17T12:18:18","guid":{"rendered":"http:\/\/107.6.182.27\/tr\/?p=248612"},"modified":"2022-01-23T09:20:06","modified_gmt":"2022-01-23T07:20:06","slug":"suveydada-agaclandirma-kampanyalarini-desteklemek-icin-yaklasik-15-000-ucretsiz-fide-saglandi","status":"publish","type":"post","link":"https:\/\/archive.sana.sy\/tr\/?p=248612","title":{"rendered":"S\u00fcveyda&#8217;da A\u011fa\u00e7land\u0131rma Kampanyalar\u0131n\u0131 Desteklemek \u0130\u00e7in Yakla\u015f\u0131k 15.000 \u00dccretsiz Fide Sa\u011fland\u0131"},"content":{"rendered":"<p style=\"text-align: justify;\">S\u00dcVEYDA &#8211; S\u00fcveyda&#8217;daki Tar\u0131m M\u00fcd\u00fcrl\u00fc\u011f\u00fc, sezon ba\u015f\u0131ndan bu yana a\u011fa\u00e7land\u0131rma kampanyalar\u0131 y\u00fcr\u00fctmek \u00fczere idari birimlere, Milli E\u011fitim M\u00fcd\u00fcrl\u00fc\u011f\u00fc&#8217;ne ve halk kurulu\u015flar\u0131na yakla\u015f\u0131k 15.000 \u00fccretsiz fide sa\u011flad\u0131.<\/p>\n<p style=\"text-align: justify;\">Tar\u0131m M\u00fcd\u00fcrl\u00fc\u011f\u00fc Orman Dairesi Ba\u015fkan\u0131 M\u00fchendis Enes Abu Fahr bug\u00fcn SANA muhabirine yapt\u0131\u011f\u0131 a\u00e7\u0131klamada, onaylanan fiyatlara g\u00f6re \u00e7e\u015fitli orman t\u00fcrlerinden sat\u0131lan 6 bin 500&#8217;den fazla bitkiye \u00fccretsiz da\u011f\u0131t\u0131lan fidanlar\u0131n eklendi\u011fini belirterek, Tar\u0131m ve Tar\u0131m Reformu Bakanl\u0131\u011f\u0131 taraf\u0131ndan, sat\u0131\u015f ve da\u011f\u0131t\u0131m i\u00e7in iyi miktarda fidenin mevcudiyetine i\u015faret ederek, \u00f6n\u00fcm\u00fczdeki g\u00fcnlerde, tar\u0131msal faaliyetlere hizmet etmek i\u00e7in ye\u015fil alanlar\u0131n geni\u015fletilmesi ve eskilerin yeniden ekimi ge\u00e7mi\u015f d\u00f6nemde kesildi\u011fine dikkat \u00e7ekti.<\/p>\n<p style=\"text-align: justify;\">M\u00fchendis Abu Fahr, m\u00fcd\u00fcrl\u00fc\u011f\u00fcn mevcut sezon i\u00e7in a\u011fa\u00e7land\u0131rma plan\u0131 kapsam\u0131nda Esed Orman\u0131, Rum Baraj\u0131, El Kuraya ve Breyka mevkilerine \u00f6n\u00fcm\u00fczdeki d\u00f6nemde de devam etmek \u00fczere yakla\u015f\u0131k 9 bin fidan dikti\u011fine dikkat \u00e7ekti. .<\/p>\n<p style=\"text-align: justify;\">Ge\u00e7en ay, S\u00fcveyda Tar\u0131m M\u00fcd\u00fcrl\u00fc\u011f\u00fc, Al Ayn ve Numra fidanl\u0131klar\u0131nda 195.000 orman bitkisi \u00fcretmek, bunlar\u0131 \u00f6n\u00fcm\u00fczdeki sezonlarda satmak ve da\u011f\u0131tmak i\u00e7in bir plan uygulamaya ba\u015flam\u0131\u015ft\u0131.<\/p>\n","protected":false},"excerpt":{"rendered":"<p>S\u00dcVEYDA &#8211; S\u00fcveyda&#8217;daki Tar\u0131m M\u00fcd\u00fcrl\u00fc\u011f\u00fc, sezon ba\u015f\u0131ndan bu yana a\u011fa\u00e7land\u0131rma kampanyalar\u0131 y\u00fcr\u00fctmek \u00fczere idari birimlere, Milli E\u011fitim M\u00fcd\u00fcrl\u00fc\u011f\u00fc&#8217;ne ve halk kurulu\u015flar\u0131na yakla\u015f\u0131k 15.000 \u00fccretsiz fide sa\u011flad\u0131. Tar\u0131m M\u00fcd\u00fcrl\u00fc\u011f\u00fc Orman Dairesi Ba\u015fkan\u0131 M\u00fchendis Enes Abu Fahr bug\u00fcn SANA muhabirine yapt\u0131\u011f\u0131 a\u00e7\u0131klamada, onaylanan fiyatlara g\u00f6re \u00e7e\u015fitli orman t\u00fcrlerinden sat\u0131lan 6 bin 500&#8217;den fazla bitkiye \u00fccretsiz da\u011f\u0131t\u0131lan fidanlar\u0131n &hellip;<\/p>\n","protected":false},"author":1,"featured_media":248613,"comment_status":"closed","ping_status":"closed","sticky":false,"template":"","format":"standard","meta":{"footnotes":""},"categories":[479,17988,478],"tags":[],"class_list":["post-248612","post","type-post","status-publish","format-standard","has-post-thumbnail","","category-haberler-yerel","category-son-haberler","category-yerel"],"_links":{"self":[{"href":"https:\/\/archive.sana.sy\/tr\/index.php?rest_route=\/wp\/v2\/posts\/248612","targetHints":{"allow":["GET"]}}],"collection":[{"href":"https:\/\/archive.sana.sy\/tr\/index.php?rest_route=\/wp\/v2\/posts"}],"about":[{"href":"https:\/\/archive.sana.sy\/tr\/index.php?rest_route=\/wp\/v2\/types\/post"}],"author":[{"embeddable":true,"href":"https:\/\/archive.sana.sy\/tr\/index.php?rest_route=\/wp\/v2\/users\/1"}],"replies":[{"embeddable":true,"href":"https:\/\/archive.sana.sy\/tr\/index.php?rest_route=%2Fwp%2Fv2%2Fcomments&post=248612"}],"version-history":[{"count":0,"href":"https:\/\/archive.sana.sy\/tr\/index.php?rest_route=\/wp\/v2\/posts\/248612\/revisions"}],"wp:featuredmedia":[{"embeddable":true,"href":"https:\/\/archive.sana.sy\/tr\/index.php?rest_route=\/wp\/v2\/media\/248613"}],"wp:attachment":[{"href":"https:\/\/archive.sana.sy\/tr\/index.php?rest_route=%2Fwp%2Fv2%2Fmedia&parent=248612"}],"wp:term":[{"taxonomy":"category","embeddable":true,"href":"https:\/\/archive.sana.sy\/tr\/index.php?rest_route=%2Fwp%2Fv2%2Fcategories&post=248612"},{"taxonomy":"post_tag","embeddable":true,"href":"https:\/\/archive.sana.sy\/tr\/index.php?rest_route=%2Fwp%2Fv2%2Ftags&post=248612"}],"curies":[{"name":"wp","href":"https:\/\/api.w.org\/{rel}","templated":true}]}}