{"id":248615,"date":"2022-01-17T14:31:04","date_gmt":"2022-01-17T12:31:04","guid":{"rendered":"http:\/\/107.6.182.27\/tr\/?p=248615"},"modified":"2022-01-23T09:20:24","modified_gmt":"2022-01-23T07:20:24","slug":"mikdad-abd-insan-haklari-konularini-en-cok-ihlal-eden-ulkelerden-biri","status":"publish","type":"post","link":"https:\/\/archive.sana.sy\/tr\/?p=248615","title":{"rendered":"El Mikdad: T\u00fcrk \u0130\u015fgali Kuzey Suriye \u0130\u00e7in En B\u00fcy\u00fck Tehdit"},"content":{"rendered":"<p>\u015eAM \u2013 D\u0131\u015fi\u015fleri ve Gurbet\u00e7iler Bakan\u0131 Feysal el Mikdad, T\u00fcrk i\u015fgali ve varl\u0131\u011f\u0131n\u0131n kuzey Suriye i\u00e7in en b\u00fcy\u00fck tehlike oldu\u011funu, Amerika Birle\u015fik Devletleri&#8217;nin insan haklar\u0131 sorunlar\u0131n\u0131 istismar eden ve ihlal eden \u00fclkelerden biri oldu\u011funu vurgulad\u0131.<\/p>\n<p>El Wahda Bas\u0131n Yay\u0131nc\u0131l\u0131k Vakf\u0131&#8217;nda bug\u00fcn yap\u0131lan bas\u0131n toplant\u0131s\u0131nda bulunan Bakan el Mikdad, Suriye&#8217;ye y\u00f6nelik ter\u00f6r sava\u015f\u0131 y\u0131llar\u0131nda sebat etti\u011fi, direndi\u011fi, \u015fehitler sundu\u011fu ve mesaj\u0131n\u0131 sonuna kadar yerine getirdi\u011fi i\u00e7in Suriye medyas\u0131n\u0131 denetleme rol\u00fcne dikkat \u00e7ekti.<\/p>\n<p>Anayasa Komisyonu&#8217;nun yurtd\u0131\u015f\u0131ndaki toplant\u0131lar\u0131yla ilgili olarak el Mikdad, Suriye durumunun, anayasa tart\u0131\u015fmas\u0131 ve di\u011fer meselelerle ilgili her \u015feyin tamamen &#8220;Suriye meselesi&#8221; oldu\u011funu ve Komitenin \u00e7al\u0131\u015fmalar\u0131n\u0131n ba\u015far\u0131s\u0131, \u00e7al\u0131\u015fmalar\u0131na hi\u00e7bir d\u0131\u015f m\u00fcdahalenin olmamas\u0131na ba\u011fl\u0131 oldu\u011funu vurgulad\u0131.<\/p>\n<p>El Mikdad devam ederek Bat\u0131&#8217;n\u0131n komiteyi ba\u015far\u0131l\u0131 k\u0131lmak i\u00e7in samimi bir niyetinin olmad\u0131\u011f\u0131na i\u015faret etti.<\/p>\n<p>El Mikdad ayr\u0131ca, Rakka&#8217;daki Amerikan sald\u0131rganl\u0131\u011f\u0131n\u0131n canice ve y\u0131k\u0131c\u0131 uygulamalar\u0131n\u0131n, vah\u015fetinin en b\u00fcy\u00fck kan\u0131t\u0131 oldu\u011funu ve ABD&#8217;nin s\u00f6m\u00fcrgeci uygulamalar\u0131 lehine her zaman insan haklar\u0131 konular\u0131n\u0131 istismar etti\u011fini ve ihlal etti\u011fini vurgulad\u0131.<\/p>\n<p>Arap \u00fclkeleriyle ili\u015fkiler konusunda Bakan Mikdad, &#8220;Onlar\u0131 iyile\u015ftirmek ve eski haline d\u00f6nd\u00fcrmek i\u00e7in \u00e7al\u0131\u015f\u0131yoruz ve \u015fu anda \u015eam&#8217;da 14 Arap b\u00fcy\u00fckel\u00e7ili\u011fimiz var&#8221; dedi.<\/p>\n<p>P.M.<\/p>\n","protected":false},"excerpt":{"rendered":"<p>\u015eAM \u2013 D\u0131\u015fi\u015fleri ve Gurbet\u00e7iler Bakan\u0131 Feysal el Mikdad, T\u00fcrk i\u015fgali ve varl\u0131\u011f\u0131n\u0131n kuzey Suriye i\u00e7in en b\u00fcy\u00fck tehlike oldu\u011funu, Amerika Birle\u015fik Devletleri&#8217;nin insan haklar\u0131 sorunlar\u0131n\u0131 istismar eden ve ihlal eden \u00fclkelerden biri oldu\u011funu vurgulad\u0131. El Wahda Bas\u0131n Yay\u0131nc\u0131l\u0131k Vakf\u0131&#8217;nda bug\u00fcn yap\u0131lan bas\u0131n toplant\u0131s\u0131nda bulunan Bakan el Mikdad, Suriye&#8217;ye y\u00f6nelik ter\u00f6r sava\u015f\u0131 y\u0131llar\u0131nda sebat etti\u011fi, &hellip;<\/p>\n","protected":false},"author":1,"featured_media":248636,"comment_status":"closed","ping_status":"closed","sticky":false,"template":"","format":"standard","meta":{"footnotes":""},"categories":[479,17988,478],"tags":[],"class_list":["post-248615","post","type-post","status-publish","format-standard","has-post-thumbnail","","category-haberler-yerel","category-son-haberler","category-yerel"],"_links":{"self":[{"href":"https:\/\/archive.sana.sy\/tr\/index.php?rest_route=\/wp\/v2\/posts\/248615","targetHints":{"allow":["GET"]}}],"collection":[{"href":"https:\/\/archive.sana.sy\/tr\/index.php?rest_route=\/wp\/v2\/posts"}],"about":[{"href":"https:\/\/archive.sana.sy\/tr\/index.php?rest_route=\/wp\/v2\/types\/post"}],"author":[{"embeddable":true,"href":"https:\/\/archive.sana.sy\/tr\/index.php?rest_route=\/wp\/v2\/users\/1"}],"replies":[{"embeddable":true,"href":"https:\/\/archive.sana.sy\/tr\/index.php?rest_route=%2Fwp%2Fv2%2Fcomments&post=248615"}],"version-history":[{"count":0,"href":"https:\/\/archive.sana.sy\/tr\/index.php?rest_route=\/wp\/v2\/posts\/248615\/revisions"}],"wp:featuredmedia":[{"embeddable":true,"href":"https:\/\/archive.sana.sy\/tr\/index.php?rest_route=\/wp\/v2\/media\/248636"}],"wp:attachment":[{"href":"https:\/\/archive.sana.sy\/tr\/index.php?rest_route=%2Fwp%2Fv2%2Fmedia&parent=248615"}],"wp:term":[{"taxonomy":"category","embeddable":true,"href":"https:\/\/archive.sana.sy\/tr\/index.php?rest_route=%2Fwp%2Fv2%2Fcategories&post=248615"},{"taxonomy":"post_tag","embeddable":true,"href":"https:\/\/archive.sana.sy\/tr\/index.php?rest_route=%2Fwp%2Fv2%2Ftags&post=248615"}],"curies":[{"name":"wp","href":"https:\/\/api.w.org\/{rel}","templated":true}]}}