{"id":24864,"date":"2015-02-25T18:29:26","date_gmt":"2015-02-25T16:29:26","guid":{"rendered":"http:\/\/www.sana.sy\/tr\/?p=24864"},"modified":"2015-02-26T13:33:39","modified_gmt":"2015-02-26T11:33:39","slug":"tekfiri-teror-orgutlerine-yonelik-operasyonlar-azim-ve-kararlilikla-suruyor","status":"publish","type":"post","link":"https:\/\/archive.sana.sy\/tr\/?p=24864","title":{"rendered":"Tekfiri Ter\u00f6r \u00d6rg\u00fctlerine Y\u00f6nelik Operasyonlar Azim ve Kararl\u0131l\u0131kla S\u00fcr\u00fcyor"},"content":{"rendered":"<p>\u0130LLER \u2013 Tekfiri ter\u00f6r \u00f6rg\u00fctlerine y\u00f6nelik ba\u015far\u0131l\u0131 operasyonlar\u0131n\u0131 s\u00fcrd\u00fcren kahraman ordu birliklerimiz ba\u015fta I\u015e\u0130D ve Nusra Cephesi gibi ter\u00f6r \u00f6rg\u00fctlerinden onlarca ter\u00f6risti \u00f6l\u00fc ve yaral\u0131 d\u00fc\u015f\u00fcrd\u00fc.<\/p>\n<p><span style=\"color: #0000ff\">\u015eam K\u0131rsal\u0131nda A\u011f\u0131r Makineli Silahla Donat\u0131lm\u0131\u015f 2 Ara\u00e7 \u0130mha Edildi<\/span><\/p>\n<p>Askeri kaynak; ordu birliklerimizin \u015eam k\u0131rsal\u0131 Han el \u015eiyh B\u00f6lgesinde el Selam Otoban\u0131na sald\u0131rmaya \u00e7al\u0131\u015fan ter\u00f6r \u00e7etelere kar\u015f\u0131 koyarak onlarca ter\u00f6risti \u00f6ld\u00fcrd\u00fcklerini aktard\u0131.<\/p>\n<p>Kaynak; \u00e7at\u0131\u015fmada ter\u00f6ristlere ait a\u011f\u0131r makineli silahla donat\u0131lm\u0131\u015f 2 arac\u0131n muhtevalar\u0131yla birlikte imha edildi\u011fini s\u00f6zlerine ekledi.<\/p>\n<p>Sasa civar\u0131n\u0131n el Hezraciye \u00e7iftliklerinde ise \u00e7ok say\u0131da ter\u00f6ristin \u00f6l\u00fc ve yaral\u0131 d\u00fc\u015f\u00fcr\u00fcld\u00fc\u011f\u00fc bildirildi.<\/p>\n<p><span style=\"color: #0000ff\">Deyrezzor ve K\u0131rsal\u0131nda Onlarca Ter\u00f6rist \u00d6ld\u00fcr\u00fcld\u00fc<\/span><\/p>\n<p>Vatan koruyucular\u0131m\u0131z bug\u00fcn Deyrezzor k\u0131rsal\u0131n\u0131n Huveycet el Mureyiye B\u00f6lgesinde I\u015e\u0130D \u00e7etelerini hedef ald\u0131. Operasyonda geneli yabanc\u0131 olan 60\u2019tan fazla tekfirci ara\u00e7 ve te\u00e7hizatlar\u0131yla etkisizle\u015ftirildi.<\/p>\n<p>Ordu birliklerimizin Deyrezzor Kentinin Cbeyle ve Sanayi b\u00f6lgelerinde I\u015e\u0130D\u2019e ait yuva ve karargahlar\u0131 hedef ald\u0131klar\u0131n\u0131 s\u00f6yleyen kaynak; y\u00fcksek say\u0131da ter\u00f6risti \u00f6l\u00fc ve yaral\u0131 d\u00fc\u015f\u00fcrd\u00fcklerini ekledi.<\/p>\n<p>Kaynak operasyonlarda Cbeyliye Semtinde yeni b\u00f6lgelerin ter\u00f6ristlerden temizlenip ordu birliklerimizin kontrol\u00fcne ge\u00e7ti\u011fini belirtti.<\/p>\n<p>Ter\u00f6r \u00e7eteleri sosyal medya ara\u00e7lar\u0131nda I\u015e\u0130D \u00f6rg\u00fct\u00fc eleba\u015flar\u0131ndan \u2018Ebu el Yaman\u2019 kod adl\u0131 Huzayefa el Acravi\u2019nin aralar\u0131nda bulundu\u011fu \u00e7ok say\u0131da ter\u00f6ristin \u00f6ld\u00fcr\u00fcld\u00fc\u011f\u00fcn\u00fc itiraf etti.<\/p>\n<p><span style=\"color: #0000ff\">\u0130dlib K\u0131rsal\u0131nda D\u00fczenlenen Ba\u015far\u0131l\u0131 Pusuda Onlarca Ter\u00f6rist \u00d6ld\u00fcr\u00fcld\u00fc<\/span><\/p>\n<p>\u0130dlib k\u0131rsal\u0131nda tekfiri ter\u00f6r \u00f6rg\u00fctlerinin ana \u00fcslerine d\u00fczenledi\u011fi ba\u015far\u0131l\u0131 operasyonlar\u0131n\u0131 s\u00fcrd\u00fcren ordu ve silahl\u0131 kuvvetlerimize ba\u011fl\u0131 birliklerimiz onlarca ter\u00f6risti \u00f6l\u00fc ve yaral\u0131 d\u00fc\u015f\u00fcrd\u00fc.<\/p>\n<p>Askeri kaynak, birliklerimizin \u0130dlib\u2019in kuzeyindeki Maarrat Mesrin yak\u0131nlar\u0131ndaki Bruma \u00e7iftlikleri \u00e7evresinde s\u00f6zde el \u015eam Kolordusu ve \u0130dlib \u015eehitleri T\u00fcmeni adl\u0131 ter\u00f6r \u00f6rg\u00fctlerinin bulundu\u011fu tekfiri ter\u00f6r \u00f6rg\u00fctlerinden ter\u00f6ristlere y\u00f6nelik izleme ve g\u00f6zetleme ard\u0131ndan ba\u015far\u0131l\u0131 bir pusu d\u00fczenledi\u011fini ifade etti.<\/p>\n<p>Kaynak, bu operasyon sonucunda aralar\u0131nda \u0130dlibli Abu Hamza ve Abu Mus\u2019ab adl\u0131 ter\u00f6ristlerin bulundu\u011fu onlarca ter\u00f6risti \u00f6l\u00fc ve yaral\u0131 d\u00fc\u015f\u00fcrd\u00fcklerini, kendilerine ait bir z\u0131rhl\u0131 ve bir ka\u00e7 ara\u00e7lar\u0131n\u0131 imha ettiklerini s\u00f6yledi.<\/p>\n<p>Bruma \u00e7iftliklerinde \u00c2l Suud taraf\u0131ndan destekli \u201c\u0130slami Ahrarul \u015eam Hareketi\u201d ile ihvanc\u0131 Erdo\u011fan rejimi taraf\u0131ndan destekli \u201cNusra Cephesi\u201d burada korunurken, el Fua kentindeki sivil yerle\u015fim binalar\u0131n\u0131 roket ve havan f\u00fczeleriyle hedef almak i\u00e7in merkez ediniyor.<\/p>\n<p>\u00d6te yandan ordu birliklerimiz \u0130dlib k\u0131rsal\u0131 Filon, Benni\u015f\u2019in kuzeyi, Tel Selmo ve Ebu Zuhur b\u00f6lgelerinde ter\u00f6ristlerin yuva ve k\u00fcmelenme yerlerini hedef almalar\u0131yla \u00e7ok say\u0131da ter\u00f6risti \u00f6l\u00fc ve yaral\u0131 d\u00fc\u015f\u00fcrd\u00fc.<\/p>\n<p><span style=\"color: #0000ff\">Dera K\u0131rsal\u0131nda Ter\u00f6ristlerin Toplanma Yerleri Hedef Al\u0131nd\u0131<\/span><\/p>\n<p>Ordu birliklerimiz Dera k\u0131rsal\u0131 Semlin, Zemrin, el Mal, Tel Anter, Me\u2019raba ve el Ciyze b\u00f6lgelerinde ter\u00f6ristlerin toplanma yerleri ve mevkilerini hedef alarak \u00e7ok say\u0131da ter\u00f6risti \u00f6l\u00fc ve yaral\u0131 d\u00fc\u015f\u00fcrd\u00fc.<\/p>\n<p>Askeri kaynak; ordu birliklerimizin Dera k\u0131rsal\u0131 el Hrak Beldesinde askeri bir noktaya sald\u0131rmaya \u00e7al\u0131\u015fan ter\u00f6ristlere kar\u015f\u0131 koyarak t\u00fcm\u00fcn\u00fc \u00f6l\u00fc ve yaral\u0131 d\u00fc\u015f\u00fcrd\u00fcklerini belirtti.<\/p>\n<p>Ordu birliklerimizin Dera k\u0131rsal\u0131 \u011eezlan \u00e7iftlikleri, Cadl ve \u015eeyh Miskin b\u00f6lgelerinde Nusra Cephesinin yuva, siper ve k\u00fcmelenme yerlerini hedef ald\u0131klar\u0131n\u0131 aktaran kaynak; \u00e7ok say\u0131da ter\u00f6risti \u00f6l\u00fc ve yaral\u0131 d\u00fc\u015f\u00fcr\u00fcp silah ve m\u00fchimmatlar\u0131n\u0131 da imha ettiklerini s\u00f6yledi.<\/p>\n<p>Dera el Beled\u2019te ise ordu birliklerimiz Syriatell Binas\u0131, Bilal el Habe\u015fi Camii\u2019nin \u00e7evresi ve el Masr\u0131 Bulvar\u0131 eksenlerinde ter\u00f6ristlerin birka\u00e7 askeri noktaya s\u0131zma giri\u015fimlerini \u00e7\u00f6kerterek su\u00e7 edatlar\u0131yla birlikte \u00e7ok say\u0131da ter\u00f6risti etkisizle\u015ftirdi.<\/p>\n<p>Bu arada ordu birliklerimiz g\u00fcn\u00fcn erken saatlerinde Dera Beled\u2019te Becabice Semtine ilaveten Dera k\u0131rsal\u0131n\u0131n Kefar Nasic Beldesinde onlarca ter\u00f6risti \u00f6ld\u00fcrd\u00fc.<\/p>\n<p>Lucat B\u00f6lgesinin Eyb Kalesi civar\u0131nda ise ordu birliklerimiz izleme ve takip operasyonu sonucunda cephane ve ter\u00f6rist ta\u015f\u0131yan bir ter\u00f6r konvoyunu muhtevalar\u0131yla imha etti.<\/p>\n<p><span style=\"color: #0000ff\">Homs Do\u011fu K\u0131rsal\u0131nda I\u015e\u0130D Ter\u00f6ristleri \u00d6ld\u00fcr\u00fcld\u00fc<\/span><\/p>\n<p>Askeri kaynak, ordu birliklerimizin Homs do\u011fu k\u0131rsal\u0131n\u0131n eski el Vaar Semti taraf\u0131ndan M\u00fchendisler Bulvar\u0131 y\u00f6n\u00fcne do\u011fru bir ter\u00f6r sald\u0131r\u0131s\u0131n\u0131 \u00e7\u00f6kerterek Rahum\u2019da I\u015e\u0130D ter\u00f6r \u00f6rg\u00fct\u00fcnden baz\u0131 ter\u00f6ristleri \u00f6ld\u00fcrd\u00fcklerini s\u00f6yledi.<\/p>\n<p><span style=\"color: #0000ff\">Kunaytra K\u0131rsal\u0131nda Nusral\u0131 Ter\u00f6ristler \u00d6l\u00fc ve Yaral\u0131 D\u00fc\u015f\u00fcr\u00fcld\u00fc<\/span><\/p>\n<p>Askeri kaynak, ordu birliklerimizin Kunaytra k\u0131rsal\u0131 Hamidiye ve Um Bat\u0131na\u2019da Nusra Cephesinden baz\u0131 ter\u00f6ristleri \u00f6l\u00fc ve yaral\u0131 d\u00fc\u015f\u00fcr\u00fcp silah ve m\u00fchimmatlar\u0131n\u0131 da imha ettiklerini s\u00f6yledi.<\/p>\n<p>Askeri kaynak; ordu birliklerimizin Kunaytra k\u0131rsal\u0131 Meshara K\u00f6y\u00fcnde Nusra Cephesine ait yuva ve cephane deposunu imha etmeleriyle \u00e7ok say\u0131da ter\u00f6risti \u00f6l\u00fc ve yaral\u0131 d\u00fc\u015f\u00fcrd\u00fcklerini belirtti.<\/p>\n<p>M.M. &#8211; S.\u015e. &#8211; R.H.<\/p>\n","protected":false},"excerpt":{"rendered":"<p>\u0130LLER \u2013 Tekfiri ter\u00f6r \u00f6rg\u00fctlerine y\u00f6nelik ba\u015far\u0131l\u0131 operasyonlar\u0131n\u0131 s\u00fcrd\u00fcren kahraman ordu birliklerimiz ba\u015fta I\u015e\u0130D ve Nusra Cephesi gibi ter\u00f6r \u00f6rg\u00fctlerinden onlarca ter\u00f6risti \u00f6l\u00fc ve yaral\u0131 d\u00fc\u015f\u00fcrd\u00fc. \u015eam K\u0131rsal\u0131nda A\u011f\u0131r Makineli Silahla Donat\u0131lm\u0131\u015f 2 Ara\u00e7 \u0130mha Edildi Askeri kaynak; ordu birliklerimizin \u015eam k\u0131rsal\u0131 Han el \u015eiyh B\u00f6lgesinde el Selam Otoban\u0131na sald\u0131rmaya \u00e7al\u0131\u015fan ter\u00f6r \u00e7etelere kar\u015f\u0131 koyarak &hellip;<\/p>\n","protected":false},"author":1,"featured_media":24865,"comment_status":"closed","ping_status":"closed","sticky":false,"template":"","format":"standard","meta":{"footnotes":""},"categories":[575],"tags":[11850],"class_list":["post-24864","post","type-post","status-publish","format-standard","has-post-thumbnail","","category-olaylar-ve-gercekler","tag-tekfiri-teror-orgutlerine-yonelik-operasyonlar-azim-ve-kararlilikla-suruyor-iller-tekfiri-teror-orgutlerine-yonelik-basarili-operasyonlarini-surduren-kahraman-ordu-birliklerimiz-basta-isid-v"],"_links":{"self":[{"href":"https:\/\/archive.sana.sy\/tr\/index.php?rest_route=\/wp\/v2\/posts\/24864","targetHints":{"allow":["GET"]}}],"collection":[{"href":"https:\/\/archive.sana.sy\/tr\/index.php?rest_route=\/wp\/v2\/posts"}],"about":[{"href":"https:\/\/archive.sana.sy\/tr\/index.php?rest_route=\/wp\/v2\/types\/post"}],"author":[{"embeddable":true,"href":"https:\/\/archive.sana.sy\/tr\/index.php?rest_route=\/wp\/v2\/users\/1"}],"replies":[{"embeddable":true,"href":"https:\/\/archive.sana.sy\/tr\/index.php?rest_route=%2Fwp%2Fv2%2Fcomments&post=24864"}],"version-history":[{"count":0,"href":"https:\/\/archive.sana.sy\/tr\/index.php?rest_route=\/wp\/v2\/posts\/24864\/revisions"}],"wp:featuredmedia":[{"embeddable":true,"href":"https:\/\/archive.sana.sy\/tr\/index.php?rest_route=\/wp\/v2\/media\/24865"}],"wp:attachment":[{"href":"https:\/\/archive.sana.sy\/tr\/index.php?rest_route=%2Fwp%2Fv2%2Fmedia&parent=24864"}],"wp:term":[{"taxonomy":"category","embeddable":true,"href":"https:\/\/archive.sana.sy\/tr\/index.php?rest_route=%2Fwp%2Fv2%2Fcategories&post=24864"},{"taxonomy":"post_tag","embeddable":true,"href":"https:\/\/archive.sana.sy\/tr\/index.php?rest_route=%2Fwp%2Fv2%2Ftags&post=24864"}],"curies":[{"name":"wp","href":"https:\/\/api.w.org\/{rel}","templated":true}]}}